{"id":1571,"date":"2021-05-18T18:59:00","date_gmt":"2021-05-18T18:59:00","guid":{"rendered":"http:\/\/www.adeomrocha.com.uy\/?p=1571"},"modified":"2021-05-18T18:59:00","modified_gmt":"2021-05-18T18:59:00","slug":"campana-te-abrigo","status":"publish","type":"post","link":"https:\/\/www.adeomrocha.com.uy\/?p=1571","title":{"rendered":"CAMPA\u00d1A \u00abTE ABRIGO\u00bb"},"content":{"rendered":"\n<p>Con el fin de anticiparse al pr\u00f3ximo invierno, ADEOM Rocha impulsa una campa\u00f1a de recolecci\u00f3n de prendas de vestir,con el objetivo de recolectar la mayor cantidad posibles de abrigos, en buen estado, para ayudar en esta \u00e9poca de fr\u00edo a gente en situaci\u00f3n vulnerable.<br>La convocatoria es abierta a toda la gente que quiera acercarse y colaborar.<br>Las entregas se pueden realizar en el la sede ubicada en Agustin Peri pasando Ansina. De lunes a viernes de 10 a 13 hs. En el interior del departamento con los directivos de base. Coordinar entrega al tel\u00e9fono 099 810 643.<\/p>\n","protected":false},"excerpt":{"rendered":"<p>Con el fin de anticiparse al pr\u00f3ximo invierno, ADEOM Rocha impulsa una campa\u00f1a de recolecci\u00f3n de prendas de vestir,con el objetivo de recolectar la mayor cantidad posibles de abrigos, en buen estado, para ayudar en esta \u00e9poca de fr\u00edo a gente en situaci\u00f3n vulnerable.La convocatoria es abierta a toda la gente que quiera acercarse y [&hellip;]<\/p>\n","protected":false},"author":1,"featured_media":1572,"comment_status":"open","ping_status":"open","sticky":false,"template":"","format":"standard","meta":{"footnotes":""},"categories":[2],"tags":[],"class_list":["post-1571","post","type-post","status-publish","format-standard","has-post-thumbnail","hentry","category-informacion-general"],"_links":{"self":[{"href":"https:\/\/www.adeomrocha.com.uy\/index.php?rest_route=\/wp\/v2\/posts\/1571","targetHints":{"allow":["GET"]}}],"collection":[{"href":"https:\/\/www.adeomrocha.com.uy\/index.php?rest_route=\/wp\/v2\/posts"}],"about":[{"href":"https:\/\/www.adeomrocha.com.uy\/index.php?rest_route=\/wp\/v2\/types\/post"}],"author":[{"embeddable":true,"href":"https:\/\/www.adeomrocha.com.uy\/index.php?rest_route=\/wp\/v2\/users\/1"}],"replies":[{"embeddable":true,"href":"https:\/\/www.adeomrocha.com.uy\/index.php?rest_route=%2Fwp%2Fv2%2Fcomments&post=1571"}],"version-history":[{"count":1,"href":"https:\/\/www.adeomrocha.com.uy\/index.php?rest_route=\/wp\/v2\/posts\/1571\/revisions"}],"predecessor-version":[{"id":1573,"href":"https:\/\/www.adeomrocha.com.uy\/index.php?rest_route=\/wp\/v2\/posts\/1571\/revisions\/1573"}],"wp:featuredmedia":[{"embeddable":true,"href":"https:\/\/www.adeomrocha.com.uy\/index.php?rest_route=\/wp\/v2\/media\/1572"}],"wp:attachment":[{"href":"https:\/\/www.adeomrocha.com.uy\/index.php?rest_route=%2Fwp%2Fv2%2Fmedia&parent=1571"}],"wp:term":[{"taxonomy":"category","embeddable":true,"href":"https:\/\/www.adeomrocha.com.uy\/index.php?rest_route=%2Fwp%2Fv2%2Fcategories&post=1571"},{"taxonomy":"post_tag","embeddable":true,"href":"https:\/\/www.adeomrocha.com.uy\/index.php?rest_route=%2Fwp%2Fv2%2Ftags&post=1571"}],"curies":[{"name":"wp","href":"https:\/\/api.w.org\/{rel}","templated":true}]}}