{"id":1565,"date":"2021-05-17T11:33:49","date_gmt":"2021-05-17T11:33:49","guid":{"rendered":"http:\/\/www.adeomrocha.com.uy\/?p=1565"},"modified":"2021-05-17T11:33:49","modified_gmt":"2021-05-17T11:33:49","slug":"rodriguez-tengo-orgullo-de-pertenecer-a-esta-familia-municipal","status":"publish","type":"post","link":"https:\/\/www.adeomrocha.com.uy\/?p=1565","title":{"rendered":"Rodr\u00edguez: \u201cTengo orgullo de pertenecer a esta familia municipal\u201d"},"content":{"rendered":"\n<p>La mayor\u00eda de las personas no tienen una opini\u00f3n favorable sobre los trabajadores municipales y esa valoraci\u00f3n carece totalmente de fundamentos, seg\u00fan lo comentado a Rochaald\u00eda por Oscar Rodriguez dirigente sindical.<\/p>\n\n\n\n<p>El integrante de la Asociaci\u00f3n de Empleados y Obreros Municipales de Rocha destac\u00f3 la labor realizada en las \u00faltimas horas en la zona del Puente de Valizas.&nbsp;<\/p>\n\n\n\n<p>&nbsp;\u00ablos trabajadores municipales hacen un mont\u00f3n de tareas que muchas veces la gente desconoce, como las cosas que hacemos en las inundaciones, temporales, tareas que son a voluntad y que no se hacen con una camarita para despu\u00e9s mostrar\u00bb expres\u00f3 Rodriguez.<\/p>\n\n\n\n<p>El sindicalista agrega \u201ceso no es fue fruto de la casualidad, es &nbsp;fruto del trabajo conjunto, de encontrarme con cada uno de mis compa\u00f1eros trabajando, con el compromiso que pusieron &nbsp;en un &nbsp;momento dif\u00edcil. Somos todos compa\u00f1eros que estamos al frente, no solo en la emergencia sino todos los d\u00edas, todo el a\u00f1o, manteniendo un desag\u00fce, un canal, una calle\u201d, redobl\u00f3 el agradecimiento, a la par que pidi\u00f3 especialmente que no se siga &nbsp;desvalorizado la tarea municipal, y tambi\u00e9n la p\u00fablica. \u00abSi sos p\u00fablico o privado, si tienes m\u00e1s beneficios o no. Los beneficios son conquistas, que se han dado con lucha y sacrificio de distintos trabajadores\u00bb.<\/p>\n\n\n\n<p><\/p>\n\n\n\n<figure class=\"wp-block-image\"><img decoding=\"async\" src=\"http:\/\/www.adeomrocha.com.uy\/wp-content\/uploads\/2021\/05\/980bab5e-dbd3-4518-af68-7c4fba6d7a74-768x1024.jpg\" alt=\"La imagen tiene un atributo ALT vac\u00edo; su nombre de archivo es 980bab5e-dbd3-4518-af68-7c4fba6d7a74-768x1024.jpg\"\/><\/figure>\n","protected":false},"excerpt":{"rendered":"<p>La mayor\u00eda de las personas no tienen una opini\u00f3n favorable sobre los trabajadores municipales y esa valoraci\u00f3n carece totalmente de fundamentos, seg\u00fan lo comentado a Rochaald\u00eda por Oscar Rodriguez dirigente sindical. El integrante de la Asociaci\u00f3n de Empleados y Obreros Municipales de Rocha destac\u00f3 la labor realizada en las \u00faltimas horas en la zona del [&hellip;]<\/p>\n","protected":false},"author":1,"featured_media":1512,"comment_status":"open","ping_status":"open","sticky":false,"template":"","format":"standard","meta":{"footnotes":""},"categories":[2],"tags":[],"class_list":["post-1565","post","type-post","status-publish","format-standard","has-post-thumbnail","hentry","category-informacion-general"],"_links":{"self":[{"href":"https:\/\/www.adeomrocha.com.uy\/index.php?rest_route=\/wp\/v2\/posts\/1565","targetHints":{"allow":["GET"]}}],"collection":[{"href":"https:\/\/www.adeomrocha.com.uy\/index.php?rest_route=\/wp\/v2\/posts"}],"about":[{"href":"https:\/\/www.adeomrocha.com.uy\/index.php?rest_route=\/wp\/v2\/types\/post"}],"author":[{"embeddable":true,"href":"https:\/\/www.adeomrocha.com.uy\/index.php?rest_route=\/wp\/v2\/users\/1"}],"replies":[{"embeddable":true,"href":"https:\/\/www.adeomrocha.com.uy\/index.php?rest_route=%2Fwp%2Fv2%2Fcomments&post=1565"}],"version-history":[{"count":1,"href":"https:\/\/www.adeomrocha.com.uy\/index.php?rest_route=\/wp\/v2\/posts\/1565\/revisions"}],"predecessor-version":[{"id":1566,"href":"https:\/\/www.adeomrocha.com.uy\/index.php?rest_route=\/wp\/v2\/posts\/1565\/revisions\/1566"}],"wp:featuredmedia":[{"embeddable":true,"href":"https:\/\/www.adeomrocha.com.uy\/index.php?rest_route=\/wp\/v2\/media\/1512"}],"wp:attachment":[{"href":"https:\/\/www.adeomrocha.com.uy\/index.php?rest_route=%2Fwp%2Fv2%2Fmedia&parent=1565"}],"wp:term":[{"taxonomy":"category","embeddable":true,"href":"https:\/\/www.adeomrocha.com.uy\/index.php?rest_route=%2Fwp%2Fv2%2Fcategories&post=1565"},{"taxonomy":"post_tag","embeddable":true,"href":"https:\/\/www.adeomrocha.com.uy\/index.php?rest_route=%2Fwp%2Fv2%2Ftags&post=1565"}],"curies":[{"name":"wp","href":"https:\/\/api.w.org\/{rel}","templated":true}]}}