{"id":1449,"date":"2021-03-14T23:20:46","date_gmt":"2021-03-14T23:20:46","guid":{"rendered":"http:\/\/www.adeomrocha.com.uy\/?p=1449"},"modified":"2021-03-15T12:12:46","modified_gmt":"2021-03-15T12:12:46","slug":"covid-19-oficinas-de-adeom-rocha-permaneceran-cerradas","status":"publish","type":"post","link":"https:\/\/www.adeomrocha.com.uy\/?p=1449","title":{"rendered":"COVID-19 :OFICINAS DE ADEOM ROCHA PERMANECERAN CERRADAS"},"content":{"rendered":"\n<p>Desde la  Asociaci\u00f3n de Empleados y Obreros Municipales anunciamos el cierre de las oficinas administrativas, luego de confirmarse que el presidente de la instituci\u00f3n es positivo al  nuevo coronavirus (covid-19) .<\/p>\n\n\n\n<p>Le informamos a nuestros  socios que durante la entrante semana no habr\u00e1 atenci\u00f3n .<br>La medida es adoptada para resguardar la salud de quienes desempe\u00f1an tareas en la sede sindical y del p\u00fablico en general. En las pr\u00f3ximas horas se comenzar\u00e1 a desinfectar dicho recinto y el veh\u00edculo que posee el sindicato.<\/p>\n\n\n\n<p><\/p>\n","protected":false},"excerpt":{"rendered":"<p>Desde la Asociaci\u00f3n de Empleados y Obreros Municipales anunciamos el cierre de las oficinas administrativas, luego de confirmarse que el presidente de la instituci\u00f3n es positivo al nuevo coronavirus (covid-19) . Le informamos a nuestros socios que durante la entrante semana no habr\u00e1 atenci\u00f3n .La medida es adoptada para resguardar la salud de quienes desempe\u00f1an [&hellip;]<\/p>\n","protected":false},"author":1,"featured_media":1298,"comment_status":"open","ping_status":"open","sticky":false,"template":"","format":"standard","meta":{"footnotes":""},"categories":[2],"tags":[],"class_list":["post-1449","post","type-post","status-publish","format-standard","has-post-thumbnail","hentry","category-informacion-general"],"_links":{"self":[{"href":"https:\/\/www.adeomrocha.com.uy\/index.php?rest_route=\/wp\/v2\/posts\/1449","targetHints":{"allow":["GET"]}}],"collection":[{"href":"https:\/\/www.adeomrocha.com.uy\/index.php?rest_route=\/wp\/v2\/posts"}],"about":[{"href":"https:\/\/www.adeomrocha.com.uy\/index.php?rest_route=\/wp\/v2\/types\/post"}],"author":[{"embeddable":true,"href":"https:\/\/www.adeomrocha.com.uy\/index.php?rest_route=\/wp\/v2\/users\/1"}],"replies":[{"embeddable":true,"href":"https:\/\/www.adeomrocha.com.uy\/index.php?rest_route=%2Fwp%2Fv2%2Fcomments&post=1449"}],"version-history":[{"count":2,"href":"https:\/\/www.adeomrocha.com.uy\/index.php?rest_route=\/wp\/v2\/posts\/1449\/revisions"}],"predecessor-version":[{"id":1451,"href":"https:\/\/www.adeomrocha.com.uy\/index.php?rest_route=\/wp\/v2\/posts\/1449\/revisions\/1451"}],"wp:featuredmedia":[{"embeddable":true,"href":"https:\/\/www.adeomrocha.com.uy\/index.php?rest_route=\/wp\/v2\/media\/1298"}],"wp:attachment":[{"href":"https:\/\/www.adeomrocha.com.uy\/index.php?rest_route=%2Fwp%2Fv2%2Fmedia&parent=1449"}],"wp:term":[{"taxonomy":"category","embeddable":true,"href":"https:\/\/www.adeomrocha.com.uy\/index.php?rest_route=%2Fwp%2Fv2%2Fcategories&post=1449"},{"taxonomy":"post_tag","embeddable":true,"href":"https:\/\/www.adeomrocha.com.uy\/index.php?rest_route=%2Fwp%2Fv2%2Ftags&post=1449"}],"curies":[{"name":"wp","href":"https:\/\/api.w.org\/{rel}","templated":true}]}}