{"id":1446,"date":"2021-03-12T18:43:25","date_gmt":"2021-03-12T18:43:25","guid":{"rendered":"http:\/\/www.adeomrocha.com.uy\/?p=1446"},"modified":"2021-03-12T18:43:25","modified_gmt":"2021-03-12T18:43:25","slug":"la-lucha-paga-2","status":"publish","type":"post","link":"https:\/\/www.adeomrocha.com.uy\/?p=1446","title":{"rendered":"LA LUCHA PAGA"},"content":{"rendered":"\n<p>Desde ADEOM Rocha  se informa a todos los trabajadores municipales que el \u00abEjecutivo Departamental resolvi\u00f3 no llevar a cabo la medida \u00abque fijar\u00eda trabajar en semana de turismo .<br>La administraci\u00f3n consider\u00f3 que semana de turismo son d\u00edas desde el punto de vista municipal rochense como feriados no laborables,ya que as\u00ed se han manejado desde las anteriores administraciones y corresponden a logros obtenidos como funcionarios.<br><\/p>\n\n\n\n<p>\u00abesto es demostraci\u00f3n de que los trabajadores municipales en lucha y moviendose unidos obtienen resultados en beneficios del colectivo\u00bb.<\/p>\n\n\n\n<p><\/p>\n","protected":false},"excerpt":{"rendered":"<p>Desde ADEOM Rocha se informa a todos los trabajadores municipales que el \u00abEjecutivo Departamental resolvi\u00f3 no llevar a cabo la medida \u00abque fijar\u00eda trabajar en semana de turismo .La administraci\u00f3n consider\u00f3 que semana de turismo son d\u00edas desde el punto de vista municipal rochense como feriados no laborables,ya que as\u00ed se han manejado desde las [&hellip;]<\/p>\n","protected":false},"author":1,"featured_media":1447,"comment_status":"open","ping_status":"open","sticky":false,"template":"","format":"standard","meta":{"footnotes":""},"categories":[2],"tags":[],"class_list":["post-1446","post","type-post","status-publish","format-standard","has-post-thumbnail","hentry","category-informacion-general"],"_links":{"self":[{"href":"https:\/\/www.adeomrocha.com.uy\/index.php?rest_route=\/wp\/v2\/posts\/1446","targetHints":{"allow":["GET"]}}],"collection":[{"href":"https:\/\/www.adeomrocha.com.uy\/index.php?rest_route=\/wp\/v2\/posts"}],"about":[{"href":"https:\/\/www.adeomrocha.com.uy\/index.php?rest_route=\/wp\/v2\/types\/post"}],"author":[{"embeddable":true,"href":"https:\/\/www.adeomrocha.com.uy\/index.php?rest_route=\/wp\/v2\/users\/1"}],"replies":[{"embeddable":true,"href":"https:\/\/www.adeomrocha.com.uy\/index.php?rest_route=%2Fwp%2Fv2%2Fcomments&post=1446"}],"version-history":[{"count":1,"href":"https:\/\/www.adeomrocha.com.uy\/index.php?rest_route=\/wp\/v2\/posts\/1446\/revisions"}],"predecessor-version":[{"id":1448,"href":"https:\/\/www.adeomrocha.com.uy\/index.php?rest_route=\/wp\/v2\/posts\/1446\/revisions\/1448"}],"wp:featuredmedia":[{"embeddable":true,"href":"https:\/\/www.adeomrocha.com.uy\/index.php?rest_route=\/wp\/v2\/media\/1447"}],"wp:attachment":[{"href":"https:\/\/www.adeomrocha.com.uy\/index.php?rest_route=%2Fwp%2Fv2%2Fmedia&parent=1446"}],"wp:term":[{"taxonomy":"category","embeddable":true,"href":"https:\/\/www.adeomrocha.com.uy\/index.php?rest_route=%2Fwp%2Fv2%2Fcategories&post=1446"},{"taxonomy":"post_tag","embeddable":true,"href":"https:\/\/www.adeomrocha.com.uy\/index.php?rest_route=%2Fwp%2Fv2%2Ftags&post=1446"}],"curies":[{"name":"wp","href":"https:\/\/api.w.org\/{rel}","templated":true}]}}