{"id":1439,"date":"2021-03-11T12:49:42","date_gmt":"2021-03-11T12:49:42","guid":{"rendered":"http:\/\/www.adeomrocha.com.uy\/?p=1439"},"modified":"2021-03-11T12:52:09","modified_gmt":"2021-03-11T12:52:09","slug":"y-sin-embargo-se-mueve","status":"publish","type":"post","link":"https:\/\/www.adeomrocha.com.uy\/?p=1439","title":{"rendered":"\u00abY sin embargo, se mueve\u00bb"},"content":{"rendered":"\n<p>Jornada que comenz\u00f3 con gran movida de ADEOM Rocha ,realizando Asambleas simult\u00e1neas en todos los obradores del departamento.<br><\/p>\n\n\n\n<p>El presidente de ADEOM Rocha -H\u00e9ctor Pereyra Chury-se\u00f1al\u00f3 que se est\u00e1 informando a los compa\u00f1eros sobre la convocatoria para el pr\u00f3ximo viernes 12 de marzo con integrantes de la administraci\u00f3n departamental en la que ,se \u00abvolcar\u00e1 la informaci\u00f3n si se opta \u00f3 no por trabajar los tres primeros d\u00edas \u00ab de semana de turismo.\u00bbten\u00edamos en la agenda del sindicato devolverles ,a los delegados , la informaci\u00f3n que brinda a la mesa de negociaci\u00f3n bipartita el ejecutivo departamental en pos de alcanzar un acuerdo de cara al convenio colectivo 2021\/2025 , el cu\u00e1l ser\u00e1 la base de un nuevo relacionamiento entre la Administraci\u00f3n y los trabajadores \u00abresalt\u00f3.<\/p>\n","protected":false},"excerpt":{"rendered":"<p>Jornada que comenz\u00f3 con gran movida de ADEOM Rocha ,realizando Asambleas simult\u00e1neas en todos los obradores del departamento. El presidente de ADEOM Rocha -H\u00e9ctor Pereyra Chury-se\u00f1al\u00f3 que se est\u00e1 informando a los compa\u00f1eros sobre la convocatoria para el pr\u00f3ximo viernes 12 de marzo con integrantes de la administraci\u00f3n departamental en la que ,se \u00abvolcar\u00e1 la [&hellip;]<\/p>\n","protected":false},"author":1,"featured_media":1440,"comment_status":"open","ping_status":"open","sticky":false,"template":"","format":"standard","meta":{"footnotes":""},"categories":[2],"tags":[],"class_list":["post-1439","post","type-post","status-publish","format-standard","has-post-thumbnail","hentry","category-informacion-general"],"_links":{"self":[{"href":"https:\/\/www.adeomrocha.com.uy\/index.php?rest_route=\/wp\/v2\/posts\/1439","targetHints":{"allow":["GET"]}}],"collection":[{"href":"https:\/\/www.adeomrocha.com.uy\/index.php?rest_route=\/wp\/v2\/posts"}],"about":[{"href":"https:\/\/www.adeomrocha.com.uy\/index.php?rest_route=\/wp\/v2\/types\/post"}],"author":[{"embeddable":true,"href":"https:\/\/www.adeomrocha.com.uy\/index.php?rest_route=\/wp\/v2\/users\/1"}],"replies":[{"embeddable":true,"href":"https:\/\/www.adeomrocha.com.uy\/index.php?rest_route=%2Fwp%2Fv2%2Fcomments&post=1439"}],"version-history":[{"count":2,"href":"https:\/\/www.adeomrocha.com.uy\/index.php?rest_route=\/wp\/v2\/posts\/1439\/revisions"}],"predecessor-version":[{"id":1442,"href":"https:\/\/www.adeomrocha.com.uy\/index.php?rest_route=\/wp\/v2\/posts\/1439\/revisions\/1442"}],"wp:featuredmedia":[{"embeddable":true,"href":"https:\/\/www.adeomrocha.com.uy\/index.php?rest_route=\/wp\/v2\/media\/1440"}],"wp:attachment":[{"href":"https:\/\/www.adeomrocha.com.uy\/index.php?rest_route=%2Fwp%2Fv2%2Fmedia&parent=1439"}],"wp:term":[{"taxonomy":"category","embeddable":true,"href":"https:\/\/www.adeomrocha.com.uy\/index.php?rest_route=%2Fwp%2Fv2%2Fcategories&post=1439"},{"taxonomy":"post_tag","embeddable":true,"href":"https:\/\/www.adeomrocha.com.uy\/index.php?rest_route=%2Fwp%2Fv2%2Ftags&post=1439"}],"curies":[{"name":"wp","href":"https:\/\/api.w.org\/{rel}","templated":true}]}}