{"id":1436,"date":"2021-03-10T22:32:37","date_gmt":"2021-03-10T22:32:37","guid":{"rendered":"http:\/\/www.adeomrocha.com.uy\/?p=1436"},"modified":"2021-03-10T22:37:47","modified_gmt":"2021-03-10T22:37:47","slug":"la-lucha-paga","status":"publish","type":"post","link":"https:\/\/www.adeomrocha.com.uy\/?p=1436","title":{"rendered":"LA LUCHA PAGA"},"content":{"rendered":"\n<p><\/p>\n\n\n\n<p>Llamado telef\u00f3nico: desde el Ejecutivo Departamental se inform\u00f3 al Sindicato de Empleados y Obreros Municipales que \u00abno tienen posici\u00f3n fijada a\u00fan \u00abcon relaci\u00f3n a trabajar en semana de turismo.<br><\/p>\n\n\n\n<p>El presidente de ADEOM Rocha -H\u00e9ctor Pereyra Chury-se\u00f1al\u00f3 que fueron convocados para el pr\u00f3ximo viernes 12 de marzo a una reuni\u00f3n con integrantes de la administraci\u00f3n departamental ,en la que ,se \u00abvolcar\u00e1 la informaci\u00f3n si se opta \u00f3 no por trabajar los tres d\u00edas \u00ab.<br><\/p>\n\n\n\n<p>En la jornada de este jueves nuevas asambleas informativas del Sindicato en los obradores .<br>Cronograma 5am -Higiene<br>6 am-Obras<br>12 am-Edificio Central.<\/p>\n\n\n\n<p>Recordemos que este mi\u00e9rcoles ,desde las 6.30 hs -ADEOM Rocha- realiz\u00f3 asamblea informativa en el obrador del Tenis , durante dos horas y media. <\/p>\n\n\n\n<p>Sobre el mediod\u00eda toc\u00f3 llevar adelante una actividad similar en las afueras del edificio central.<br><\/p>\n\n\n\n<p>La Asamblea se llam\u00f3 Miguel Machado ,compa\u00f1ero municipal de Lascano- fallecido en las \u00faltimas horas.<br><\/p>\n\n\n\n<p>En dicho acto \u00abse volc\u00f3 informaci\u00f3n en relaci\u00f3n a los cinco ejes tem\u00e1ticos de la negociaci\u00f3n colectiva y el posible cambio de trabajar, los primeros tres d\u00edas de semana de turismo\u00bbse\u00f1al\u00f3 el presidente de la Asociaci\u00f3n de Empleados y Obreros Municipales.<\/p>\n\n\n\n<p>H\u00e9ctor Pereyra Chury ,se refiri\u00f3 a la asamblea ,ten\u00edamos en la agenda del sindicato devolverles ,a los delegados , la informaci\u00f3n que brinda a la mesa de negociaci\u00f3n bipartita el ejecutivo departamental en pos de alcanzar un acuerdo de cara al convenio colectivo 2021\/2025 , el cu\u00e1l ser\u00e1 la base de un nuevo relacionamiento entre la Administraci\u00f3n y los trabajadores \u00abresalt\u00f3.<\/p>\n\n\n\n<p>A dicha asamblea particiapron \u00abcon moci\u00f3n escrita delegados de obras\u00bbcoment\u00f3 el sindicalista y agreg\u00f3 \u00ablas distintas bases del interior est\u00e1n pendientes de lo que se resuelva en esta asamblea, con la finalidad de repicar las medidas en el interior del departamento\u00bb .<br>Seg\u00fan las declaraciones del presidente H\u00e9ctor Perayra Chury ,ADEOM Rocha est\u00e1\u00bb firme decidido y con compa\u00f1eros comprometidos con dicha negociaci\u00f3n \u00ab. El trabajo realizado a nivel bases fue importante se\u00f1ala el gremialista.<\/p>\n\n\n\n<p>\u00abVamos a una negociaci\u00f3n por cooperaci\u00f3n .Sobre todo y ante todo ,como trabajadores vamos a plasmar con documentaci\u00f3n arriba de la mesa y actuaremos de buena fe\u00bb.<\/p>\n\n\n\n<p>VISITA NUESTRA WEB http:\/\/www.adeomrocha.com.uy\/<br>B\u00c1JATE NUESTRA APP Y MANTENTE INFORMADO<br>https:\/\/play.google.com\/store\/apps\/details?<br>id=com.locucionar.adeomrocha<br>SUMATE A NUESTRO GRUPO DE NOTICIAS POR WHATSAPP ENV\u00cdA SOLICITUD CON TU NOMBRE AL 099810643 .<br>ADEOM ROCHA ,SOMOS FAMILIA<\/p>\n","protected":false},"excerpt":{"rendered":"<p>Llamado telef\u00f3nico: desde el Ejecutivo Departamental se inform\u00f3 al Sindicato de Empleados y Obreros Municipales que \u00abno tienen posici\u00f3n fijada a\u00fan \u00abcon relaci\u00f3n a trabajar en semana de turismo. El presidente de ADEOM Rocha -H\u00e9ctor Pereyra Chury-se\u00f1al\u00f3 que fueron convocados para el pr\u00f3ximo viernes 12 de marzo a una reuni\u00f3n con integrantes de la administraci\u00f3n [&hellip;]<\/p>\n","protected":false},"author":1,"featured_media":1428,"comment_status":"open","ping_status":"open","sticky":false,"template":"","format":"standard","meta":{"footnotes":""},"categories":[2],"tags":[],"class_list":["post-1436","post","type-post","status-publish","format-standard","has-post-thumbnail","hentry","category-informacion-general"],"_links":{"self":[{"href":"https:\/\/www.adeomrocha.com.uy\/index.php?rest_route=\/wp\/v2\/posts\/1436","targetHints":{"allow":["GET"]}}],"collection":[{"href":"https:\/\/www.adeomrocha.com.uy\/index.php?rest_route=\/wp\/v2\/posts"}],"about":[{"href":"https:\/\/www.adeomrocha.com.uy\/index.php?rest_route=\/wp\/v2\/types\/post"}],"author":[{"embeddable":true,"href":"https:\/\/www.adeomrocha.com.uy\/index.php?rest_route=\/wp\/v2\/users\/1"}],"replies":[{"embeddable":true,"href":"https:\/\/www.adeomrocha.com.uy\/index.php?rest_route=%2Fwp%2Fv2%2Fcomments&post=1436"}],"version-history":[{"count":2,"href":"https:\/\/www.adeomrocha.com.uy\/index.php?rest_route=\/wp\/v2\/posts\/1436\/revisions"}],"predecessor-version":[{"id":1438,"href":"https:\/\/www.adeomrocha.com.uy\/index.php?rest_route=\/wp\/v2\/posts\/1436\/revisions\/1438"}],"wp:featuredmedia":[{"embeddable":true,"href":"https:\/\/www.adeomrocha.com.uy\/index.php?rest_route=\/wp\/v2\/media\/1428"}],"wp:attachment":[{"href":"https:\/\/www.adeomrocha.com.uy\/index.php?rest_route=%2Fwp%2Fv2%2Fmedia&parent=1436"}],"wp:term":[{"taxonomy":"category","embeddable":true,"href":"https:\/\/www.adeomrocha.com.uy\/index.php?rest_route=%2Fwp%2Fv2%2Fcategories&post=1436"},{"taxonomy":"post_tag","embeddable":true,"href":"https:\/\/www.adeomrocha.com.uy\/index.php?rest_route=%2Fwp%2Fv2%2Ftags&post=1436"}],"curies":[{"name":"wp","href":"https:\/\/api.w.org\/{rel}","templated":true}]}}