{"id":1432,"date":"2021-03-10T18:17:14","date_gmt":"2021-03-10T18:17:14","guid":{"rendered":"http:\/\/www.adeomrocha.com.uy\/?p=1432"},"modified":"2021-03-10T18:22:04","modified_gmt":"2021-03-10T18:22:04","slug":"asamblea-miguel-machado","status":"publish","type":"post","link":"https:\/\/www.adeomrocha.com.uy\/?p=1432","title":{"rendered":"Asamblea \u00abMiguel Machado\u00bb"},"content":{"rendered":"\n<p><\/p>\n\n\n\n<p>El pasado primero de marzo se realiz\u00f3 la primera reuni\u00f3n de la Bipartita entre el ejecutivo departamental y la Asociaci\u00f3n De Empleados y Obreros Municipales de Rocha en pro- de concretar el pr\u00f3ximo convenio colectivo 2021-2025. .<\/p>\n\n\n\n<p>Desde las 6.30 hs de esta jornada -ADEOM Rocha- realiz\u00f3 asamblea informativa en el obrador del Tenis , durante dos horas y media .Sobre el mediod\u00eda toc\u00f3 llevar adelante una actividad similar en las afueras del edificio central.<\/p>\n\n\n\n<p><strong>La Asamblea se llam\u00f3 Miguel Machado ,compa\u00f1ero municipal de Lascano- fallecido en las \u00faltimas horas.<\/strong><br><\/p>\n\n\n\n<p>En dicho acto \u00abse volc\u00f3 informaci\u00f3n en relaci\u00f3n a los cinco ejes tem\u00e1ticos de la negociaci\u00f3n colectiva y el posible cambio de trabajar, los primeros tres d\u00edas de semana de turismo\u00bbse\u00f1al\u00f3 el presidente de la Asociaci\u00f3n de Empleados y Obreros Municipales.<\/p>\n\n\n\n<p>H\u00e9ctor Pereyra Chury ,se refiri\u00f3 a la asamblea \u00abten\u00edamos en la agenda del sindicato devolverles ,a los delegados , la informaci\u00f3n que brinda a la mesa de negociaci\u00f3n bipartita el ejecutivo departamental en pos de alcanzar un acuerdo de cara al convenio colectivo 2021\/2025 , el cu\u00e1l ser\u00e1 la base de un nuevo relacionamiento entre la Administraci\u00f3n y los trabajadores \u00abresalt\u00f3.<\/p>\n\n\n\n<p>A dicha asamblea participaron \u00abcon moci\u00f3n escrita delegados de obras\u00bbcoment\u00f3 el sindicalista y agreg\u00f3 \u00ablas distintas bases del interior est\u00e1n pendientes de lo que se resuelva en esta asamblea, con la finalidad de repicar las medidas en el interior del departamento\u00bb .<\/p>\n\n\n\n<p>No obstante ,afirma \u00abla pelota est\u00e1 en la cancha de ellos (ejecutivo) y quedamos a la espera de la devoluci\u00f3n a la propuesta de este sindicato\u00bbagrega que aspiran a una negociaci\u00f3n colectiva no como un favor del intendente para con los trabajadores, sino que est\u00e1 en la ley de negociaci\u00f3n colectiva y hay que consagrarla acot\u00f3.<br><\/p>\n\n\n\n<p><strong>PUNTOS DE LA BIPARTITA<\/strong><br>En nuestra plataforma de reinvindicaciones sindicales destacamos :en Salud,ingreso al Fonasa ,y protocolo Covid-19 .En lo que refiere a Seguridad Laboral ,se reclama por la situaci\u00f3n en Obradores ,Cementerio y Planta de Residuos.Sobre Salario ,para destacar ,solicitud de mejora equivalente a dos salarios m\u00ednimos nacionales ,como salario m\u00ednimo nacional.Incentivo Jubilatorio (40%).<\/p>\n\n\n\n<p>El sindicato solicita al ejecutivo que se acceda a colocar un representante sindical en la direcci\u00f3n de Hacienda.En lo que refiere a Carrera Funcional ,creaci\u00f3n de cargos por concursos.Se establece que la tercera etapa de concurso de ascenso ,la fecha del llamado se proceda a establecer en el primer semestre del a\u00f1o en curso.<\/p>\n\n\n\n<p>ADEOM Rocha ,reclama la eventualidad de funcionarios contratados .Capacitaciones especificas y peri\u00f3dicas de funcionarios.<\/p>\n\n\n\n<p>Seg\u00fan las declaraciones del presidente H\u00e9ctor Perayra Chury ,ADEOM Rocha est\u00e1\u00bb firme decidido y con compa\u00f1eros comprometidos con dicha negociaci\u00f3n \u00ab. El trabajo realizado a nivel bases fue importante se\u00f1ala el gremialista.<\/p>\n\n\n\n<p>\u00abVamos a una negociaci\u00f3n por cooperaci\u00f3n .Sobre todo y ante todo ,como trabajadores vamos a plasmar con documentaci\u00f3n arriba de la mesa y actuaremos de buena fe\u00bb.<\/p>\n\n\n\n<p>VISITA NUESTRA WEB http:\/\/www.adeomrocha.com.uy\/<br>B\u00c1JATE NUESTRA APP Y MANTENTE INFORMADO<br>https:\/\/play.google.com\/store\/apps\/details?<br>id=com.locucionar.adeomrocha<br>SUMATE A NUESTRO GRUPO DE NOTICIAS POR WHATSAPP ENV\u00cdA SOLICITUD CON TU NOMBRE AL 099810643 .<br>ADEOM ROCHA ,SOMOS FAMILIA<\/p>\n","protected":false},"excerpt":{"rendered":"<p>El pasado primero de marzo se realiz\u00f3 la primera reuni\u00f3n de la Bipartita entre el ejecutivo departamental y la Asociaci\u00f3n De Empleados y Obreros Municipales de Rocha en pro- de concretar el pr\u00f3ximo convenio colectivo 2021-2025. . Desde las 6.30 hs de esta jornada -ADEOM Rocha- realiz\u00f3 asamblea informativa en el obrador del Tenis , [&hellip;]<\/p>\n","protected":false},"author":1,"featured_media":1433,"comment_status":"open","ping_status":"open","sticky":false,"template":"","format":"standard","meta":{"footnotes":""},"categories":[2],"tags":[],"class_list":["post-1432","post","type-post","status-publish","format-standard","has-post-thumbnail","hentry","category-informacion-general"],"_links":{"self":[{"href":"https:\/\/www.adeomrocha.com.uy\/index.php?rest_route=\/wp\/v2\/posts\/1432","targetHints":{"allow":["GET"]}}],"collection":[{"href":"https:\/\/www.adeomrocha.com.uy\/index.php?rest_route=\/wp\/v2\/posts"}],"about":[{"href":"https:\/\/www.adeomrocha.com.uy\/index.php?rest_route=\/wp\/v2\/types\/post"}],"author":[{"embeddable":true,"href":"https:\/\/www.adeomrocha.com.uy\/index.php?rest_route=\/wp\/v2\/users\/1"}],"replies":[{"embeddable":true,"href":"https:\/\/www.adeomrocha.com.uy\/index.php?rest_route=%2Fwp%2Fv2%2Fcomments&post=1432"}],"version-history":[{"count":2,"href":"https:\/\/www.adeomrocha.com.uy\/index.php?rest_route=\/wp\/v2\/posts\/1432\/revisions"}],"predecessor-version":[{"id":1435,"href":"https:\/\/www.adeomrocha.com.uy\/index.php?rest_route=\/wp\/v2\/posts\/1432\/revisions\/1435"}],"wp:featuredmedia":[{"embeddable":true,"href":"https:\/\/www.adeomrocha.com.uy\/index.php?rest_route=\/wp\/v2\/media\/1433"}],"wp:attachment":[{"href":"https:\/\/www.adeomrocha.com.uy\/index.php?rest_route=%2Fwp%2Fv2%2Fmedia&parent=1432"}],"wp:term":[{"taxonomy":"category","embeddable":true,"href":"https:\/\/www.adeomrocha.com.uy\/index.php?rest_route=%2Fwp%2Fv2%2Fcategories&post=1432"},{"taxonomy":"post_tag","embeddable":true,"href":"https:\/\/www.adeomrocha.com.uy\/index.php?rest_route=%2Fwp%2Fv2%2Ftags&post=1432"}],"curies":[{"name":"wp","href":"https:\/\/api.w.org\/{rel}","templated":true}]}}