{"id":1426,"date":"2021-03-10T13:13:56","date_gmt":"2021-03-10T13:13:56","guid":{"rendered":"http:\/\/www.adeomrocha.com.uy\/?p=1426"},"modified":"2021-03-10T13:13:56","modified_gmt":"2021-03-10T13:13:56","slug":"gran-expectativa","status":"publish","type":"post","link":"https:\/\/www.adeomrocha.com.uy\/?p=1426","title":{"rendered":"GRAN EXPECTATIVA"},"content":{"rendered":"\n<p>El pasado \u00a0primero de marzo se realiz\u00f3 la primera reuni\u00f3n de la Bipartita entre el ejecutivo departamental y nuestra Asociaci\u00f3n De Empleados y Obreros Municipales de Rocha en \u00a0pro- de concretar el pr\u00f3ximo convenio colectivo 2021-2025. \u00a0.<\/p>\n\n\n\n<p>Desde las 6.30 hs de esta jornada -ADEOM Rocha- realiz\u00f3 asamblea informativa en el obrador del Tenis , durante dos horas y media .En dicho acto \u00a0\u00abse volc\u00f3 informaci\u00f3n en relaci\u00f3n a los cinco ejes tem\u00e1ticos de la negociaci\u00f3n colectiva y el posible cambio de trabajar los primeros tres d\u00edas de semana de turismo\u00bb resalt\u00f3 el presidente de la Asociaci\u00f3n de Empleados y Obreros Municipales.<\/p>\n\n\n\n<p>H\u00e9ctor Pereyra Chury ,se refiri\u00f3 a la asamblea que se realizar\u00e1 sobre el mediod\u00eda de este mi\u00e9rcoles en las afueras del edificio central .\u00bb tenemos prevista esta asamblea para devolverles ,a los delegados , cual es la informaci\u00f3n que brinda a la mesa de negociaci\u00f3n bipartita el ejecutivo departamental en pos de &nbsp;alcanzar un acuerdo de cara al convenio colectivo 2021\/2025 , el cu\u00e1l ser\u00e1 la base de un nuevo relacionamiento entre la Administraci\u00f3n y los trabajadores \u00abresalt\u00f3.&nbsp;<\/p>\n\n\n\n<p>A&nbsp; dicha asamblea llegar\u00e1n \u00abcon moci\u00f3n escrita delegados &nbsp;de obras a participar de la misma\u00bbcoment\u00f3 el sindicalista y agreg\u00f3 \u00ablas &nbsp;distintas bases del interior est\u00e1n pendientes de lo que se resuelva en esta asamblea, con la finalidad de &nbsp;repicar las medidas en el interior del departamento\u00bb .<\/p>\n\n\n\n<p>No obstante ,se\u00f1ala \u00abla pelota est\u00e1 en la cancha de ellos (ejecutivo) y quedamos a la espera de la devoluci\u00f3n a la propuesta de este sindicato queremos una  \u00a0negociaci\u00f3n colectiva \u00a0no como un favor del intendente para con los trabajadores, sino que est\u00e1 en la ley de negociaci\u00f3n colectiva y hay que consagrarla .Ser\u00e1n las primeras \u00a0definiciones pol\u00edticas del ejecutivo que devuelva a la Asociaci\u00f3n de Trabajadores\u00bbconcluy\u00f3 .<\/p>\n\n\n\n<p><\/p>\n\n\n\n<figure class=\"wp-block-image size-large\"><a href=\"http:\/\/www.adeomrocha.com.uy\/wp-content\/uploads\/2021\/03\/5b02e655-e7a0-462b-96ba-9df2f7474ddb.jpg\"><img loading=\"lazy\" decoding=\"async\" width=\"800\" height=\"600\" src=\"http:\/\/www.adeomrocha.com.uy\/wp-content\/uploads\/2021\/03\/5b02e655-e7a0-462b-96ba-9df2f7474ddb.jpg\" alt=\"\" class=\"wp-image-1427\" srcset=\"https:\/\/www.adeomrocha.com.uy\/wp-content\/uploads\/2021\/03\/5b02e655-e7a0-462b-96ba-9df2f7474ddb.jpg 800w, https:\/\/www.adeomrocha.com.uy\/wp-content\/uploads\/2021\/03\/5b02e655-e7a0-462b-96ba-9df2f7474ddb-300x225.jpg 300w, https:\/\/www.adeomrocha.com.uy\/wp-content\/uploads\/2021\/03\/5b02e655-e7a0-462b-96ba-9df2f7474ddb-768x576.jpg 768w\" sizes=\"auto, (max-width: 800px) 100vw, 800px\" \/><\/a><\/figure>\n\n\n\n<figure class=\"wp-block-image size-large\"><a href=\"http:\/\/www.adeomrocha.com.uy\/wp-content\/uploads\/2021\/03\/beefe8b9-a9b5-45d8-9234-441a74e4927b.jpg\"><img loading=\"lazy\" decoding=\"async\" width=\"800\" height=\"600\" src=\"http:\/\/www.adeomrocha.com.uy\/wp-content\/uploads\/2021\/03\/beefe8b9-a9b5-45d8-9234-441a74e4927b.jpg\" alt=\"\" class=\"wp-image-1429\" srcset=\"https:\/\/www.adeomrocha.com.uy\/wp-content\/uploads\/2021\/03\/beefe8b9-a9b5-45d8-9234-441a74e4927b.jpg 800w, https:\/\/www.adeomrocha.com.uy\/wp-content\/uploads\/2021\/03\/beefe8b9-a9b5-45d8-9234-441a74e4927b-300x225.jpg 300w, https:\/\/www.adeomrocha.com.uy\/wp-content\/uploads\/2021\/03\/beefe8b9-a9b5-45d8-9234-441a74e4927b-768x576.jpg 768w\" sizes=\"auto, (max-width: 800px) 100vw, 800px\" \/><\/a><\/figure>\n\n\n\n<figure class=\"wp-block-image size-large\"><a href=\"http:\/\/www.adeomrocha.com.uy\/wp-content\/uploads\/2021\/03\/fe1ee965-15c1-4147-ab9f-b4974fb916f1.jpg\"><img loading=\"lazy\" decoding=\"async\" width=\"800\" height=\"600\" src=\"http:\/\/www.adeomrocha.com.uy\/wp-content\/uploads\/2021\/03\/fe1ee965-15c1-4147-ab9f-b4974fb916f1.jpg\" alt=\"\" class=\"wp-image-1430\" srcset=\"https:\/\/www.adeomrocha.com.uy\/wp-content\/uploads\/2021\/03\/fe1ee965-15c1-4147-ab9f-b4974fb916f1.jpg 800w, https:\/\/www.adeomrocha.com.uy\/wp-content\/uploads\/2021\/03\/fe1ee965-15c1-4147-ab9f-b4974fb916f1-300x225.jpg 300w, https:\/\/www.adeomrocha.com.uy\/wp-content\/uploads\/2021\/03\/fe1ee965-15c1-4147-ab9f-b4974fb916f1-768x576.jpg 768w\" sizes=\"auto, (max-width: 800px) 100vw, 800px\" \/><\/a><\/figure>\n\n\n\n<p><\/p>\n","protected":false},"excerpt":{"rendered":"<p>El pasado \u00a0primero de marzo se realiz\u00f3 la primera reuni\u00f3n de la Bipartita entre el ejecutivo departamental y nuestra Asociaci\u00f3n De Empleados y Obreros Municipales de Rocha en \u00a0pro- de concretar el pr\u00f3ximo convenio colectivo 2021-2025. \u00a0. Desde las 6.30 hs de esta jornada -ADEOM Rocha- realiz\u00f3 asamblea informativa en el obrador del Tenis , [&hellip;]<\/p>\n","protected":false},"author":1,"featured_media":1428,"comment_status":"open","ping_status":"open","sticky":false,"template":"","format":"standard","meta":{"footnotes":""},"categories":[2],"tags":[],"class_list":["post-1426","post","type-post","status-publish","format-standard","has-post-thumbnail","hentry","category-informacion-general"],"_links":{"self":[{"href":"https:\/\/www.adeomrocha.com.uy\/index.php?rest_route=\/wp\/v2\/posts\/1426","targetHints":{"allow":["GET"]}}],"collection":[{"href":"https:\/\/www.adeomrocha.com.uy\/index.php?rest_route=\/wp\/v2\/posts"}],"about":[{"href":"https:\/\/www.adeomrocha.com.uy\/index.php?rest_route=\/wp\/v2\/types\/post"}],"author":[{"embeddable":true,"href":"https:\/\/www.adeomrocha.com.uy\/index.php?rest_route=\/wp\/v2\/users\/1"}],"replies":[{"embeddable":true,"href":"https:\/\/www.adeomrocha.com.uy\/index.php?rest_route=%2Fwp%2Fv2%2Fcomments&post=1426"}],"version-history":[{"count":1,"href":"https:\/\/www.adeomrocha.com.uy\/index.php?rest_route=\/wp\/v2\/posts\/1426\/revisions"}],"predecessor-version":[{"id":1431,"href":"https:\/\/www.adeomrocha.com.uy\/index.php?rest_route=\/wp\/v2\/posts\/1426\/revisions\/1431"}],"wp:featuredmedia":[{"embeddable":true,"href":"https:\/\/www.adeomrocha.com.uy\/index.php?rest_route=\/wp\/v2\/media\/1428"}],"wp:attachment":[{"href":"https:\/\/www.adeomrocha.com.uy\/index.php?rest_route=%2Fwp%2Fv2%2Fmedia&parent=1426"}],"wp:term":[{"taxonomy":"category","embeddable":true,"href":"https:\/\/www.adeomrocha.com.uy\/index.php?rest_route=%2Fwp%2Fv2%2Fcategories&post=1426"},{"taxonomy":"post_tag","embeddable":true,"href":"https:\/\/www.adeomrocha.com.uy\/index.php?rest_route=%2Fwp%2Fv2%2Ftags&post=1426"}],"curies":[{"name":"wp","href":"https:\/\/api.w.org\/{rel}","templated":true}]}}