{"id":1417,"date":"2021-03-08T03:20:22","date_gmt":"2021-03-08T03:20:22","guid":{"rendered":"http:\/\/www.adeomrocha.com.uy\/?p=1417"},"modified":"2021-03-08T03:20:22","modified_gmt":"2021-03-08T03:20:22","slug":"reflexionemos-8m","status":"publish","type":"post","link":"https:\/\/www.adeomrocha.com.uy\/?p=1417","title":{"rendered":"REFLEXIONEMOS 8M"},"content":{"rendered":"\n<p>Estamos conmemorando un a\u00f1o m\u00e1s, de aquella lucha que cost\u00f3 la vida de las trabajadoras textiles. Por estos d\u00edas la lucha contin\u00faa ,ya sea por el respeto a los derechos de igualdad en el mundo del trabajo y en nuestro cotidiano.<\/p>\n\n\n\n<p>La Mesa Representativa del PIT-CNT no dio lugar al pedido de la Intersocial Feminista de decretar un paro general.La central sindical resolvi\u00f3 dejar a criterio de cada sindicato la decisi\u00f3n de parar, as\u00ed como las movilizaciones en esta fecha.<\/p>\n\n\n\n<p>La Asociaci\u00f3n de Empleados y Obreros Municipales de Rocha, informa a todos los socios con relaci\u00f3n al paro de este lunes 8 de marzo por el D\u00eda Internacional de la Mujer ,que deja en consideraci\u00f3n de cada asociado su participaci\u00f3n en las movilizaciones o en las distintas actividades que se desarrollen en esta jornada .<br><\/p>\n\n\n\n<p>Dicha participaci\u00f3n representara una acci\u00f3n individual y no del colectivo sindical ADEOM Rocha ,la adhesi\u00f3n o no al mismo .<br><\/p>\n\n\n\n<p>Por coherencia y para seguir con la cultura de cuidado y prevenci\u00f3n, no se entender\u00eda que esta asociaci\u00f3n convocara cualquier manifestaci\u00f3n, se\u00f1ala H\u00e9ctor Pereyra Chury-Presidente de Adeom Rocha.<br><\/p>\n\n\n\n<p>\u00abSin lugar a dudas ,que las mujeres han avanzado en el campo pol\u00edtico, sindical y econ\u00f3mico, pero no lo suficiente. Esta lucha debe continuar y sobre todo conf\u00edo que la misma la seguir\u00e1n otras compa\u00f1eras, hasta que logren la condici\u00f3n de igualdad con los hombres. Debemos tener presente que este 8 de marzo ser\u00e1 una jornada de debate y reflexiones para llegar a un objetivo com\u00fan, concienciar a todos los trabajadores y trabajadoras que la igualdad es imprescindible e innegociable. Y no me refiero \u00fanicamente a la salarial, sino tambi\u00e9n en cuanto a contrataci\u00f3n, al acoso y a la violencia, tambi\u00e9n, que sufren cientos y cientos de mujeres a diario\u00bb.<br><\/p>\n\n\n\n<p>En este d\u00eda tan especial, vaya desde ADEOM Rocha el reconocimiento a todas y cada una de las mujeres , por fortalecer d\u00eda a d\u00eda, desde sus lugares, el protagonismo que da el compromiso que se asume , para lograr la real y verdadera Justicia Social.<\/p>\n\n\n\n<figure class=\"wp-block-image size-large\"><a href=\"http:\/\/www.adeomrocha.com.uy\/wp-content\/uploads\/2021\/03\/adeom-8-m.jpg\"><img loading=\"lazy\" decoding=\"async\" width=\"700\" height=\"420\" src=\"http:\/\/www.adeomrocha.com.uy\/wp-content\/uploads\/2021\/03\/adeom-8-m.jpg\" alt=\"\" class=\"wp-image-1418\" srcset=\"https:\/\/www.adeomrocha.com.uy\/wp-content\/uploads\/2021\/03\/adeom-8-m.jpg 700w, https:\/\/www.adeomrocha.com.uy\/wp-content\/uploads\/2021\/03\/adeom-8-m-300x180.jpg 300w\" sizes=\"auto, (max-width: 700px) 100vw, 700px\" \/><\/a><\/figure>\n","protected":false},"excerpt":{"rendered":"<p>Estamos conmemorando un a\u00f1o m\u00e1s, de aquella lucha que cost\u00f3 la vida de las trabajadoras textiles. Por estos d\u00edas la lucha contin\u00faa ,ya sea por el respeto a los derechos de igualdad en el mundo del trabajo y en nuestro cotidiano. La Mesa Representativa del PIT-CNT no dio lugar al pedido de la Intersocial Feminista [&hellip;]<\/p>\n","protected":false},"author":1,"featured_media":1418,"comment_status":"open","ping_status":"open","sticky":false,"template":"","format":"standard","meta":{"footnotes":""},"categories":[2],"tags":[],"class_list":["post-1417","post","type-post","status-publish","format-standard","has-post-thumbnail","hentry","category-informacion-general"],"_links":{"self":[{"href":"https:\/\/www.adeomrocha.com.uy\/index.php?rest_route=\/wp\/v2\/posts\/1417","targetHints":{"allow":["GET"]}}],"collection":[{"href":"https:\/\/www.adeomrocha.com.uy\/index.php?rest_route=\/wp\/v2\/posts"}],"about":[{"href":"https:\/\/www.adeomrocha.com.uy\/index.php?rest_route=\/wp\/v2\/types\/post"}],"author":[{"embeddable":true,"href":"https:\/\/www.adeomrocha.com.uy\/index.php?rest_route=\/wp\/v2\/users\/1"}],"replies":[{"embeddable":true,"href":"https:\/\/www.adeomrocha.com.uy\/index.php?rest_route=%2Fwp%2Fv2%2Fcomments&post=1417"}],"version-history":[{"count":1,"href":"https:\/\/www.adeomrocha.com.uy\/index.php?rest_route=\/wp\/v2\/posts\/1417\/revisions"}],"predecessor-version":[{"id":1419,"href":"https:\/\/www.adeomrocha.com.uy\/index.php?rest_route=\/wp\/v2\/posts\/1417\/revisions\/1419"}],"wp:featuredmedia":[{"embeddable":true,"href":"https:\/\/www.adeomrocha.com.uy\/index.php?rest_route=\/wp\/v2\/media\/1418"}],"wp:attachment":[{"href":"https:\/\/www.adeomrocha.com.uy\/index.php?rest_route=%2Fwp%2Fv2%2Fmedia&parent=1417"}],"wp:term":[{"taxonomy":"category","embeddable":true,"href":"https:\/\/www.adeomrocha.com.uy\/index.php?rest_route=%2Fwp%2Fv2%2Fcategories&post=1417"},{"taxonomy":"post_tag","embeddable":true,"href":"https:\/\/www.adeomrocha.com.uy\/index.php?rest_route=%2Fwp%2Fv2%2Ftags&post=1417"}],"curies":[{"name":"wp","href":"https:\/\/api.w.org\/{rel}","templated":true}]}}