{"id":1412,"date":"2021-03-06T15:57:40","date_gmt":"2021-03-06T15:57:40","guid":{"rendered":"http:\/\/www.adeomrocha.com.uy\/?p=1412"},"modified":"2021-03-06T15:59:56","modified_gmt":"2021-03-06T15:59:56","slug":"paro-8-de-marzo","status":"publish","type":"post","link":"https:\/\/www.adeomrocha.com.uy\/?p=1412","title":{"rendered":"PARO 8 DE MARZO"},"content":{"rendered":"\n<p>La Asociaci\u00f3n de Empleados y Obreros Municipales de Rocha (Adeom) informa con relaci\u00f3n al paro de este pr\u00f3ximo lunes 8 de marzo por el D\u00eda Internacional de la Mujer ,deja en consideraci\u00f3n de cada asociado su participaci\u00f3n en las movilizaciones o en las distintas actividades que se desarrollen en esa jornada . <\/p>\n\n\n\n<p>Dicha participaci\u00f3n representara una acci\u00f3n individual  \u00abno del colectivo sindical ADEOM Rocha ,la adhesi\u00f3n o no al mismo\u00bb.<\/p>\n\n\n\n<p><\/p>\n","protected":false},"excerpt":{"rendered":"<p>La Asociaci\u00f3n de Empleados y Obreros Municipales de Rocha (Adeom) informa con relaci\u00f3n al paro de este pr\u00f3ximo lunes 8 de marzo por el D\u00eda Internacional de la Mujer ,deja en consideraci\u00f3n de cada asociado su participaci\u00f3n en las movilizaciones o en las distintas actividades que se desarrollen en esa jornada . Dicha participaci\u00f3n representara [&hellip;]<\/p>\n","protected":false},"author":1,"featured_media":1414,"comment_status":"open","ping_status":"open","sticky":false,"template":"","format":"standard","meta":{"footnotes":""},"categories":[2],"tags":[],"class_list":["post-1412","post","type-post","status-publish","format-standard","has-post-thumbnail","hentry","category-informacion-general"],"_links":{"self":[{"href":"https:\/\/www.adeomrocha.com.uy\/index.php?rest_route=\/wp\/v2\/posts\/1412","targetHints":{"allow":["GET"]}}],"collection":[{"href":"https:\/\/www.adeomrocha.com.uy\/index.php?rest_route=\/wp\/v2\/posts"}],"about":[{"href":"https:\/\/www.adeomrocha.com.uy\/index.php?rest_route=\/wp\/v2\/types\/post"}],"author":[{"embeddable":true,"href":"https:\/\/www.adeomrocha.com.uy\/index.php?rest_route=\/wp\/v2\/users\/1"}],"replies":[{"embeddable":true,"href":"https:\/\/www.adeomrocha.com.uy\/index.php?rest_route=%2Fwp%2Fv2%2Fcomments&post=1412"}],"version-history":[{"count":2,"href":"https:\/\/www.adeomrocha.com.uy\/index.php?rest_route=\/wp\/v2\/posts\/1412\/revisions"}],"predecessor-version":[{"id":1416,"href":"https:\/\/www.adeomrocha.com.uy\/index.php?rest_route=\/wp\/v2\/posts\/1412\/revisions\/1416"}],"wp:featuredmedia":[{"embeddable":true,"href":"https:\/\/www.adeomrocha.com.uy\/index.php?rest_route=\/wp\/v2\/media\/1414"}],"wp:attachment":[{"href":"https:\/\/www.adeomrocha.com.uy\/index.php?rest_route=%2Fwp%2Fv2%2Fmedia&parent=1412"}],"wp:term":[{"taxonomy":"category","embeddable":true,"href":"https:\/\/www.adeomrocha.com.uy\/index.php?rest_route=%2Fwp%2Fv2%2Fcategories&post=1412"},{"taxonomy":"post_tag","embeddable":true,"href":"https:\/\/www.adeomrocha.com.uy\/index.php?rest_route=%2Fwp%2Fv2%2Ftags&post=1412"}],"curies":[{"name":"wp","href":"https:\/\/api.w.org\/{rel}","templated":true}]}}