{"id":1394,"date":"2021-03-01T11:34:40","date_gmt":"2021-03-01T11:34:40","guid":{"rendered":"http:\/\/www.adeomrocha.com.uy\/?p=1394"},"modified":"2021-03-01T11:34:40","modified_gmt":"2021-03-01T11:34:40","slug":"se-inicia-hoy-la-negociacion-colectiva","status":"publish","type":"post","link":"https:\/\/www.adeomrocha.com.uy\/?p=1394","title":{"rendered":"SE INICIA HOY LA NEGOCIACI\u00d3N COLECTIVA"},"content":{"rendered":"\n<p>De acuerdo al acta de bipartita del 30 de diciembre 2020 hoy lunes 01 de marzo 14 Hs inicia de manera formal la negociaci\u00f3n colectiva en pro- de concretar el pr\u00f3ximo convenio colectivo 2021-2025.<br><\/p>\n\n\n\n<p>Adeom Rocha presentara los puntos de inter\u00e9s a convenir a modo de avanzar en la negociaci\u00f3n colectiva.<br><\/p>\n\n\n\n<p>VISITA NUESTRA WEB http:\/\/www.adeomrocha.com.uy\/<br>B\u00c1JATE NUESTRA APP Y MANTENTE INFORMADO<br>https:\/\/play.google.com\/store\/apps\/details?id=com.locucionar.adeomrocha<br>S\u00daMATE A NUESTRO GRUPO DE NOTICIAS POR WHATSAPP ENV\u00cdA SOLICITUD CON TU NOMBRE AL 099810643 .<br>ADEOM ROCHA ,SOMOS FAMILIA<\/p>\n\n\n\n<p><\/p>\n\n\n\n<figure class=\"wp-block-image size-large\"><a href=\"http:\/\/www.adeomrocha.com.uy\/wp-content\/uploads\/2021\/03\/acta-adeom-comienzo-bipartita.jpg\"><img loading=\"lazy\" decoding=\"async\" width=\"739\" height=\"1024\" src=\"http:\/\/www.adeomrocha.com.uy\/wp-content\/uploads\/2021\/03\/acta-adeom-comienzo-bipartita-739x1024.jpg\" alt=\"\" class=\"wp-image-1395\" srcset=\"https:\/\/www.adeomrocha.com.uy\/wp-content\/uploads\/2021\/03\/acta-adeom-comienzo-bipartita-739x1024.jpg 739w, https:\/\/www.adeomrocha.com.uy\/wp-content\/uploads\/2021\/03\/acta-adeom-comienzo-bipartita-216x300.jpg 216w, https:\/\/www.adeomrocha.com.uy\/wp-content\/uploads\/2021\/03\/acta-adeom-comienzo-bipartita-768x1065.jpg 768w, https:\/\/www.adeomrocha.com.uy\/wp-content\/uploads\/2021\/03\/acta-adeom-comienzo-bipartita-1108x1536.jpg 1108w, https:\/\/www.adeomrocha.com.uy\/wp-content\/uploads\/2021\/03\/acta-adeom-comienzo-bipartita.jpg 1154w\" sizes=\"auto, (max-width: 739px) 100vw, 739px\" \/><\/a><\/figure>\n","protected":false},"excerpt":{"rendered":"<p>De acuerdo al acta de bipartita del 30 de diciembre 2020 hoy lunes 01 de marzo 14 Hs inicia de manera formal la negociaci\u00f3n colectiva en pro- de concretar el pr\u00f3ximo convenio colectivo 2021-2025. Adeom Rocha presentara los puntos de inter\u00e9s a convenir a modo de avanzar en la negociaci\u00f3n colectiva. VISITA NUESTRA WEB http:\/\/www.adeomrocha.com.uy\/B\u00c1JATE [&hellip;]<\/p>\n","protected":false},"author":1,"featured_media":1395,"comment_status":"open","ping_status":"open","sticky":false,"template":"","format":"standard","meta":{"footnotes":""},"categories":[2],"tags":[],"class_list":["post-1394","post","type-post","status-publish","format-standard","has-post-thumbnail","hentry","category-informacion-general"],"_links":{"self":[{"href":"https:\/\/www.adeomrocha.com.uy\/index.php?rest_route=\/wp\/v2\/posts\/1394","targetHints":{"allow":["GET"]}}],"collection":[{"href":"https:\/\/www.adeomrocha.com.uy\/index.php?rest_route=\/wp\/v2\/posts"}],"about":[{"href":"https:\/\/www.adeomrocha.com.uy\/index.php?rest_route=\/wp\/v2\/types\/post"}],"author":[{"embeddable":true,"href":"https:\/\/www.adeomrocha.com.uy\/index.php?rest_route=\/wp\/v2\/users\/1"}],"replies":[{"embeddable":true,"href":"https:\/\/www.adeomrocha.com.uy\/index.php?rest_route=%2Fwp%2Fv2%2Fcomments&post=1394"}],"version-history":[{"count":1,"href":"https:\/\/www.adeomrocha.com.uy\/index.php?rest_route=\/wp\/v2\/posts\/1394\/revisions"}],"predecessor-version":[{"id":1396,"href":"https:\/\/www.adeomrocha.com.uy\/index.php?rest_route=\/wp\/v2\/posts\/1394\/revisions\/1396"}],"wp:featuredmedia":[{"embeddable":true,"href":"https:\/\/www.adeomrocha.com.uy\/index.php?rest_route=\/wp\/v2\/media\/1395"}],"wp:attachment":[{"href":"https:\/\/www.adeomrocha.com.uy\/index.php?rest_route=%2Fwp%2Fv2%2Fmedia&parent=1394"}],"wp:term":[{"taxonomy":"category","embeddable":true,"href":"https:\/\/www.adeomrocha.com.uy\/index.php?rest_route=%2Fwp%2Fv2%2Fcategories&post=1394"},{"taxonomy":"post_tag","embeddable":true,"href":"https:\/\/www.adeomrocha.com.uy\/index.php?rest_route=%2Fwp%2Fv2%2Ftags&post=1394"}],"curies":[{"name":"wp","href":"https:\/\/api.w.org\/{rel}","templated":true}]}}