{"id":1356,"date":"2021-02-05T14:02:43","date_gmt":"2021-02-05T14:02:43","guid":{"rendered":"http:\/\/www.adeomrocha.com.uy\/?p=1356"},"modified":"2021-02-05T14:11:16","modified_gmt":"2021-02-05T14:11:16","slug":"se-elige-delegado-en-obrador-de-chuy","status":"publish","type":"post","link":"https:\/\/www.adeomrocha.com.uy\/?p=1356","title":{"rendered":"SE ELIGE DELEGADO EN OBRADOR DE CHUY"},"content":{"rendered":"\n<p>En las \u00faltimas horas se llev\u00f3 adelante en el obrador del Municipio de Chuy \u00abuna votaci\u00f3n para elegir democraticamente el delegado de esta repartici\u00f3n municipal\u00bbcoment\u00f3 el presidente de Adeom Rocha.<br><\/p>\n\n\n\n<p>Hector Pereyra Chury agreg\u00f3 que sufragaron los funcionarios operativos y de servicios que figuraban en el padr\u00f3n electoral.\u00bbLa elecci\u00f3n de un delegado es para incorporarlo al plenario general de delegados que participaran de cara a la negociaci\u00f3n colectiva dijo el presidente de ADEOM Rocha\u00bb.<\/p>\n","protected":false},"excerpt":{"rendered":"<p>En las \u00faltimas horas se llev\u00f3 adelante en el obrador del Municipio de Chuy \u00abuna votaci\u00f3n para elegir democraticamente el delegado de esta repartici\u00f3n municipal\u00bbcoment\u00f3 el presidente de Adeom Rocha. Hector Pereyra Chury agreg\u00f3 que sufragaron los funcionarios operativos y de servicios que figuraban en el padr\u00f3n electoral.\u00bbLa elecci\u00f3n de un delegado es para incorporarlo [&hellip;]<\/p>\n","protected":false},"author":1,"featured_media":1357,"comment_status":"open","ping_status":"open","sticky":false,"template":"","format":"standard","meta":{"footnotes":""},"categories":[2],"tags":[],"class_list":["post-1356","post","type-post","status-publish","format-standard","has-post-thumbnail","hentry","category-informacion-general"],"_links":{"self":[{"href":"https:\/\/www.adeomrocha.com.uy\/index.php?rest_route=\/wp\/v2\/posts\/1356","targetHints":{"allow":["GET"]}}],"collection":[{"href":"https:\/\/www.adeomrocha.com.uy\/index.php?rest_route=\/wp\/v2\/posts"}],"about":[{"href":"https:\/\/www.adeomrocha.com.uy\/index.php?rest_route=\/wp\/v2\/types\/post"}],"author":[{"embeddable":true,"href":"https:\/\/www.adeomrocha.com.uy\/index.php?rest_route=\/wp\/v2\/users\/1"}],"replies":[{"embeddable":true,"href":"https:\/\/www.adeomrocha.com.uy\/index.php?rest_route=%2Fwp%2Fv2%2Fcomments&post=1356"}],"version-history":[{"count":2,"href":"https:\/\/www.adeomrocha.com.uy\/index.php?rest_route=\/wp\/v2\/posts\/1356\/revisions"}],"predecessor-version":[{"id":1359,"href":"https:\/\/www.adeomrocha.com.uy\/index.php?rest_route=\/wp\/v2\/posts\/1356\/revisions\/1359"}],"wp:featuredmedia":[{"embeddable":true,"href":"https:\/\/www.adeomrocha.com.uy\/index.php?rest_route=\/wp\/v2\/media\/1357"}],"wp:attachment":[{"href":"https:\/\/www.adeomrocha.com.uy\/index.php?rest_route=%2Fwp%2Fv2%2Fmedia&parent=1356"}],"wp:term":[{"taxonomy":"category","embeddable":true,"href":"https:\/\/www.adeomrocha.com.uy\/index.php?rest_route=%2Fwp%2Fv2%2Fcategories&post=1356"},{"taxonomy":"post_tag","embeddable":true,"href":"https:\/\/www.adeomrocha.com.uy\/index.php?rest_route=%2Fwp%2Fv2%2Ftags&post=1356"}],"curies":[{"name":"wp","href":"https:\/\/api.w.org\/{rel}","templated":true}]}}