{"id":1328,"date":"2021-01-24T23:40:47","date_gmt":"2021-01-24T23:40:47","guid":{"rendered":"http:\/\/www.adeomrocha.com.uy\/?p=1328"},"modified":"2021-01-24T23:40:47","modified_gmt":"2021-01-24T23:40:47","slug":"adeom-rocha-no-acompanara-recoleccion-de-firmas-contra-articulos-de-la-luc","status":"publish","type":"post","link":"https:\/\/www.adeomrocha.com.uy\/?p=1328","title":{"rendered":"ADEOM Rocha no acompa\u00f1ar\u00e1 recolecci\u00f3n de firmas contra art\u00edculos de la LUC."},"content":{"rendered":"\n<p>La Asociaci\u00f3n De Empelados y Obreros Municipales de Rocha org\u00e1nicamente no participar\u00e1 en la recolecci\u00f3n de firmas para derogar los 135 art\u00edculos de la LUC. Declinan as\u00ed la invitaci\u00f3n que ha formulado el Pit Cnt.<\/p>\n\n\n\n<p>En di\u00e1logo con&nbsp;<em>Rochaald\u00eda<\/em>, el presidente de Adeom Rocha ,Hector Pereyra Chury ,explic\u00f3 que &nbsp;\u00abeste sindicato no tiene una postura ni a favor ni encontra del futuro referendum de la LUC \u00ab.Adeom Rocha resolvi\u00f3 dejar en libertad de acci\u00f3n a sus afiliados respecto de la recolecci\u00f3n de firmas lanzada por el PIT-CNT y otras organizaciones (entre ellas el Frente Amplio) para dejar sin efecto la ley de urgente consideraci\u00f3n (LUC).<\/p>\n\n\n\n<p>El gremialista agreg\u00f3 que \u00abse debe apartar lo urgente de lo necesario\u00bb,y para la familia municipal lo urgente es la negociaci\u00f3n colectiva sentenci\u00f3 .\u00bbNosotros ,no nos podemos arrogar como dirigentes la decisi\u00f3n de nuestros socios .\u00bb<\/p>\n\n\n\n<p>Pereyra dice que esta recolecci\u00f3n de firmas no \u00abtiene incidencia directa en la familia municipal ,como la negociaci\u00f3n colectiva que se comenzar\u00e1 a tratar el pr\u00f3ximo 1 de marzo .Apostamos a una negociaci\u00f3n por cooperaci\u00f3n .La postura de este sindicato es similar a la de la Federaci\u00f3n Nacional de Municipales que dirige Valeria Ripol .Es una propuesta de Adeom Rocha del a\u00f1o 2013 ,proponemos &nbsp;un salario m\u00ednimo municipal nacional equivalente a dos salarios m\u00ednimos nacionales por 44 horas semanales\u00bbafirm\u00f3 el gremialista.<\/p>\n\n\n\n<p>Esta negociaci\u00f3n tendr\u00e1 cinco ejes tem\u00e1ticos &nbsp;para el &nbsp;2021\/2025 Salud,Seguridad laboral,Salarios,Carrera Funcional &nbsp;y Funcionarios Contratados\u00bb concluye Pereyra Chury.<\/p>\n","protected":false},"excerpt":{"rendered":"<p>La Asociaci\u00f3n De Empelados y Obreros Municipales de Rocha org\u00e1nicamente no participar\u00e1 en la recolecci\u00f3n de firmas para derogar los 135 art\u00edculos de la LUC. Declinan as\u00ed la invitaci\u00f3n que ha formulado el Pit Cnt. En di\u00e1logo con&nbsp;Rochaald\u00eda, el presidente de Adeom Rocha ,Hector Pereyra Chury ,explic\u00f3 que &nbsp;\u00abeste sindicato no tiene una postura ni [&hellip;]<\/p>\n","protected":false},"author":1,"featured_media":1329,"comment_status":"open","ping_status":"open","sticky":false,"template":"","format":"standard","meta":{"footnotes":""},"categories":[2],"tags":[],"class_list":["post-1328","post","type-post","status-publish","format-standard","has-post-thumbnail","hentry","category-informacion-general"],"_links":{"self":[{"href":"https:\/\/www.adeomrocha.com.uy\/index.php?rest_route=\/wp\/v2\/posts\/1328","targetHints":{"allow":["GET"]}}],"collection":[{"href":"https:\/\/www.adeomrocha.com.uy\/index.php?rest_route=\/wp\/v2\/posts"}],"about":[{"href":"https:\/\/www.adeomrocha.com.uy\/index.php?rest_route=\/wp\/v2\/types\/post"}],"author":[{"embeddable":true,"href":"https:\/\/www.adeomrocha.com.uy\/index.php?rest_route=\/wp\/v2\/users\/1"}],"replies":[{"embeddable":true,"href":"https:\/\/www.adeomrocha.com.uy\/index.php?rest_route=%2Fwp%2Fv2%2Fcomments&post=1328"}],"version-history":[{"count":1,"href":"https:\/\/www.adeomrocha.com.uy\/index.php?rest_route=\/wp\/v2\/posts\/1328\/revisions"}],"predecessor-version":[{"id":1330,"href":"https:\/\/www.adeomrocha.com.uy\/index.php?rest_route=\/wp\/v2\/posts\/1328\/revisions\/1330"}],"wp:featuredmedia":[{"embeddable":true,"href":"https:\/\/www.adeomrocha.com.uy\/index.php?rest_route=\/wp\/v2\/media\/1329"}],"wp:attachment":[{"href":"https:\/\/www.adeomrocha.com.uy\/index.php?rest_route=%2Fwp%2Fv2%2Fmedia&parent=1328"}],"wp:term":[{"taxonomy":"category","embeddable":true,"href":"https:\/\/www.adeomrocha.com.uy\/index.php?rest_route=%2Fwp%2Fv2%2Fcategories&post=1328"},{"taxonomy":"post_tag","embeddable":true,"href":"https:\/\/www.adeomrocha.com.uy\/index.php?rest_route=%2Fwp%2Fv2%2Ftags&post=1328"}],"curies":[{"name":"wp","href":"https:\/\/api.w.org\/{rel}","templated":true}]}}