{"id":1234,"date":"2020-12-29T01:00:24","date_gmt":"2020-12-29T01:00:24","guid":{"rendered":"http:\/\/www.adeomrocha.com.uy\/?p=1234"},"modified":"2021-01-12T19:07:36","modified_gmt":"2021-01-12T19:07:36","slug":"adeom-rocha-y-el-ejecutivo-celebraron-un-historico-encuentro-con-el-objetivo-de-avanzar-a-futuro","status":"publish","type":"post","link":"https:\/\/www.adeomrocha.com.uy\/?p=1234","title":{"rendered":"ADEOM Rocha y el Ejecutivo celebraron un hist\u00f3rico encuentro con el objetivo de avanzar a futuro."},"content":{"rendered":"\n<figure class=\"wp-block-image size-large\"><a href=\"https:\/\/www.adeomrocha.com.uy\/wp-content\/uploads\/2020\/12\/garzon-adeom.jpg\"><img loading=\"lazy\" decoding=\"async\" width=\"1024\" height=\"576\" src=\"https:\/\/www.adeomrocha.com.uy\/wp-content\/uploads\/2020\/12\/garzon-adeom-1024x576.jpg\" alt=\"\" class=\"wp-image-1235\" srcset=\"https:\/\/www.adeomrocha.com.uy\/wp-content\/uploads\/2020\/12\/garzon-adeom-1024x576.jpg 1024w, https:\/\/www.adeomrocha.com.uy\/wp-content\/uploads\/2020\/12\/garzon-adeom-300x169.jpg 300w, https:\/\/www.adeomrocha.com.uy\/wp-content\/uploads\/2020\/12\/garzon-adeom-768x432.jpg 768w, https:\/\/www.adeomrocha.com.uy\/wp-content\/uploads\/2020\/12\/garzon-adeom-1536x864.jpg 1536w, https:\/\/www.adeomrocha.com.uy\/wp-content\/uploads\/2020\/12\/garzon-adeom-210x118.jpg 210w, https:\/\/www.adeomrocha.com.uy\/wp-content\/uploads\/2020\/12\/garzon-adeom.jpg 1599w\" sizes=\"auto, (max-width: 1024px) 100vw, 1024px\" \/><\/a><\/figure>\n\n\n\n<p>ADEOM Rocha y el Ejecutivo celebraron un hist\u00f3rico encuentro con el objetivo de avanzar a futuro.<br><\/p>\n\n\n\n<p>En las \u00faltimas horas se llev\u00f3 adelante una importante reuni\u00f3n en el \u00e1mbito bipartito con delegados de GuardaParques de las tres \u00e1reas -Polonio ,Laguna de Rocha y Laguna de Garz\u00f3n .<br><\/p>\n\n\n\n<p>La Asociaci\u00f3n de Empleados y Obreros Municipales entreg\u00f3 una carpeta con material relacionado al perfil que debe tener un guarda parque y expesificaciones de la tarea que le compete su rol en la gesti\u00f3n de las \u00e1reas naturales protegidas, incluyendo t\u00edpicas atribuciones de funci\u00f3n p\u00fablica, en lo que respecta al contralor y custodia de dichas \u00e1reas.<br><\/p>\n\n\n\n<p>Particip\u00f3 en dicho encuentro la presidenta de la Asociaci\u00f3n Uruguaya de Guardaparques , Mariana P\u00edrez.<br>Se abordaron diferentes temas vinculados a la creaci\u00f3n del cargo de Guardaparques que no existe en la Intendencia de Rocha,la devoluci\u00f3n de grado a los funcionarios que desempe\u00f1an esa tarea.<br><\/p>\n\n\n\n<p>\u00abel leitmotiv sera trabajar en el nuevo presupuesto para que se cree el cargo de guardaparque que en un futuro ,sera un beneficio para los presupuestados ,eventuales y contratados para esa funci\u00f3n .Carrera funcional cargo de jefe de \u00e1rea ,ingreso por concurso para ocupar dicho \u00abagreg\u00f3 el presidente de ADEOM Rocha Hector Pereyra Chury.<\/p>\n","protected":false},"excerpt":{"rendered":"<p>ADEOM Rocha y el Ejecutivo celebraron un hist\u00f3rico encuentro con el objetivo de avanzar a futuro. En las \u00faltimas horas se llev\u00f3 adelante una importante reuni\u00f3n en el \u00e1mbito bipartito con delegados de GuardaParques de las tres \u00e1reas -Polonio ,Laguna de Rocha y Laguna de Garz\u00f3n . La Asociaci\u00f3n de Empleados y Obreros Municipales entreg\u00f3 [&hellip;]<\/p>\n","protected":false},"author":1,"featured_media":1235,"comment_status":"open","ping_status":"open","sticky":false,"template":"","format":"standard","meta":{"footnotes":""},"categories":[2],"tags":[],"class_list":["post-1234","post","type-post","status-publish","format-standard","has-post-thumbnail","hentry","category-informacion-general"],"_links":{"self":[{"href":"https:\/\/www.adeomrocha.com.uy\/index.php?rest_route=\/wp\/v2\/posts\/1234","targetHints":{"allow":["GET"]}}],"collection":[{"href":"https:\/\/www.adeomrocha.com.uy\/index.php?rest_route=\/wp\/v2\/posts"}],"about":[{"href":"https:\/\/www.adeomrocha.com.uy\/index.php?rest_route=\/wp\/v2\/types\/post"}],"author":[{"embeddable":true,"href":"https:\/\/www.adeomrocha.com.uy\/index.php?rest_route=\/wp\/v2\/users\/1"}],"replies":[{"embeddable":true,"href":"https:\/\/www.adeomrocha.com.uy\/index.php?rest_route=%2Fwp%2Fv2%2Fcomments&post=1234"}],"version-history":[{"count":1,"href":"https:\/\/www.adeomrocha.com.uy\/index.php?rest_route=\/wp\/v2\/posts\/1234\/revisions"}],"predecessor-version":[{"id":1236,"href":"https:\/\/www.adeomrocha.com.uy\/index.php?rest_route=\/wp\/v2\/posts\/1234\/revisions\/1236"}],"wp:featuredmedia":[{"embeddable":true,"href":"https:\/\/www.adeomrocha.com.uy\/index.php?rest_route=\/wp\/v2\/media\/1235"}],"wp:attachment":[{"href":"https:\/\/www.adeomrocha.com.uy\/index.php?rest_route=%2Fwp%2Fv2%2Fmedia&parent=1234"}],"wp:term":[{"taxonomy":"category","embeddable":true,"href":"https:\/\/www.adeomrocha.com.uy\/index.php?rest_route=%2Fwp%2Fv2%2Fcategories&post=1234"},{"taxonomy":"post_tag","embeddable":true,"href":"https:\/\/www.adeomrocha.com.uy\/index.php?rest_route=%2Fwp%2Fv2%2Ftags&post=1234"}],"curies":[{"name":"wp","href":"https:\/\/api.w.org\/{rel}","templated":true}]}}