{"id":1222,"date":"2020-12-15T13:13:39","date_gmt":"2020-12-15T13:13:39","guid":{"rendered":"http:\/\/www.adeomrocha.com.uy\/?p=1222"},"modified":"2021-01-12T19:07:51","modified_gmt":"2021-01-12T19:07:51","slug":"se-recuerdan-5-anos-de-la-huelga-de-hambre","status":"publish","type":"post","link":"https:\/\/www.adeomrocha.com.uy\/?p=1222","title":{"rendered":"Se Recuerdan 5 a\u00f1os de la Huelga de Hambre."},"content":{"rendered":"\n<p><\/p>\n\n\n\n<p> <\/p>\n\n\n\n<p><\/p>\n\n\n\n<p> El martes 15 de diciembre de 2015 ,pasadas las 9.30 de la ma\u00f1ana &nbsp;se decidi\u00f3 por el presidente de Adeom Rocha y algunos integrantes de la directiva comenzar una huelga de hambre.   <\/p>\n\n\n\n<p>En aquella oportunidad quien presidia Adeom era Andr\u00e8s De Los Santos . La medida obedec\u00eda a un reclamo que se consideraba &nbsp;justo.<\/p>\n\n\n\n<p>Se trataba de un reclamo por mejora salarial.\u00bbLuchamos por justicia ,por los que no llegan a fin de mes y luchamos por los m\u00e0s oprimidos\u00bbdec\u00eda De Los Santos.<\/p>\n\n\n\n<p>Los otros sindicalistas que participaron de la huelga de hambre eran Julio \u00ablobo\u00bbFernandez ,y H\u00e9ctor Pereyra Chury ,actual presidente de gremio.<\/p>\n\n\n\n<p>Hoy a cinco a\u00f1os de aquella huelga,el presidente de Adeom H\u00e9ctor Pereyra Chury &nbsp;se\u00f1ala \u00aba los huelguistas, as\u00ed nos dec\u00eca&nbsp;la clase pol\u00edtica, mis m\u00e1s sincero saludo y reconocimiento. Sin esa etapa de la negociaci\u00f3n colectiva &nbsp;hubi\u00e9semos perdido salario en este quinquenio . Salu compa\u00f1eros.&nbsp; Hoy la historia nos da la raz\u00f3n nuevamente. A los que nos acompa\u00f1aron tambi\u00e9n &nbsp;y el a\u00f1o que viene tenemos otra etapa y lucha por correr.\u00bb <\/p>\n\n\n\n<figure class=\"wp-block-image size-large\"><img loading=\"lazy\" decoding=\"async\" width=\"960\" height=\"539\" src=\"https:\/\/www.adeomrocha.com.uy\/wp-content\/uploads\/2020\/12\/huelga-sin-edi.jpg\" alt=\"\" class=\"wp-image-1226\" srcset=\"https:\/\/www.adeomrocha.com.uy\/wp-content\/uploads\/2020\/12\/huelga-sin-edi.jpg 960w, https:\/\/www.adeomrocha.com.uy\/wp-content\/uploads\/2020\/12\/huelga-sin-edi-300x168.jpg 300w, https:\/\/www.adeomrocha.com.uy\/wp-content\/uploads\/2020\/12\/huelga-sin-edi-768x431.jpg 768w, https:\/\/www.adeomrocha.com.uy\/wp-content\/uploads\/2020\/12\/huelga-sin-edi-210x118.jpg 210w\" sizes=\"auto, (max-width: 960px) 100vw, 960px\" \/><\/figure>\n\n\n\n<figure class=\"wp-block-gallery columns-1 is-cropped wp-block-gallery-1 is-layout-flex wp-block-gallery-is-layout-flex\"><ul class=\"blocks-gallery-grid\"><li class=\"blocks-gallery-item\"><figure><img loading=\"lazy\" decoding=\"async\" width=\"960\" height=\"539\" src=\"https:\/\/www.adeomrocha.com.uy\/wp-content\/uploads\/2020\/12\/huelga-sin-edi-1.jpg\" alt=\"\" data-id=\"1230\" data-full-url=\"https:\/\/www.adeomrocha.com.uy\/wp-content\/uploads\/2020\/12\/huelga-sin-edi-1.jpg\" data-link=\"https:\/\/www.adeomrocha.com.uy\/?attachment_id=1230\" class=\"wp-image-1230\" srcset=\"https:\/\/www.adeomrocha.com.uy\/wp-content\/uploads\/2020\/12\/huelga-sin-edi-1.jpg 960w, https:\/\/www.adeomrocha.com.uy\/wp-content\/uploads\/2020\/12\/huelga-sin-edi-1-300x168.jpg 300w, https:\/\/www.adeomrocha.com.uy\/wp-content\/uploads\/2020\/12\/huelga-sin-edi-1-768x431.jpg 768w, https:\/\/www.adeomrocha.com.uy\/wp-content\/uploads\/2020\/12\/huelga-sin-edi-1-210x118.jpg 210w\" sizes=\"auto, (max-width: 960px) 100vw, 960px\" \/><\/figure><\/li><\/ul><\/figure>\n","protected":false},"excerpt":{"rendered":"<p>El martes 15 de diciembre de 2015 ,pasadas las 9.30 de la ma\u00f1ana &nbsp;se decidi\u00f3 por el presidente de Adeom Rocha y algunos integrantes de la directiva comenzar una huelga de hambre. En aquella oportunidad quien presidia Adeom era Andr\u00e8s De Los Santos . La medida obedec\u00eda a un reclamo que se consideraba &nbsp;justo. Se [&hellip;]<\/p>\n","protected":false},"author":1,"featured_media":1230,"comment_status":"open","ping_status":"open","sticky":false,"template":"","format":"standard","meta":{"footnotes":""},"categories":[2],"tags":[],"class_list":["post-1222","post","type-post","status-publish","format-standard","has-post-thumbnail","hentry","category-informacion-general"],"_links":{"self":[{"href":"https:\/\/www.adeomrocha.com.uy\/index.php?rest_route=\/wp\/v2\/posts\/1222","targetHints":{"allow":["GET"]}}],"collection":[{"href":"https:\/\/www.adeomrocha.com.uy\/index.php?rest_route=\/wp\/v2\/posts"}],"about":[{"href":"https:\/\/www.adeomrocha.com.uy\/index.php?rest_route=\/wp\/v2\/types\/post"}],"author":[{"embeddable":true,"href":"https:\/\/www.adeomrocha.com.uy\/index.php?rest_route=\/wp\/v2\/users\/1"}],"replies":[{"embeddable":true,"href":"https:\/\/www.adeomrocha.com.uy\/index.php?rest_route=%2Fwp%2Fv2%2Fcomments&post=1222"}],"version-history":[{"count":4,"href":"https:\/\/www.adeomrocha.com.uy\/index.php?rest_route=\/wp\/v2\/posts\/1222\/revisions"}],"predecessor-version":[{"id":1263,"href":"https:\/\/www.adeomrocha.com.uy\/index.php?rest_route=\/wp\/v2\/posts\/1222\/revisions\/1263"}],"wp:featuredmedia":[{"embeddable":true,"href":"https:\/\/www.adeomrocha.com.uy\/index.php?rest_route=\/wp\/v2\/media\/1230"}],"wp:attachment":[{"href":"https:\/\/www.adeomrocha.com.uy\/index.php?rest_route=%2Fwp%2Fv2%2Fmedia&parent=1222"}],"wp:term":[{"taxonomy":"category","embeddable":true,"href":"https:\/\/www.adeomrocha.com.uy\/index.php?rest_route=%2Fwp%2Fv2%2Fcategories&post=1222"},{"taxonomy":"post_tag","embeddable":true,"href":"https:\/\/www.adeomrocha.com.uy\/index.php?rest_route=%2Fwp%2Fv2%2Ftags&post=1222"}],"curies":[{"name":"wp","href":"https:\/\/api.w.org\/{rel}","templated":true}]}}