{"id":1093,"date":"2020-07-28T05:15:31","date_gmt":"2020-07-28T05:15:31","guid":{"rendered":"http:\/\/www.adeomrocha.com.uy\/?p=1093"},"modified":"2020-07-28T05:16:07","modified_gmt":"2020-07-28T05:16:07","slug":"charlas-con-los-candidatos","status":"publish","type":"post","link":"https:\/\/www.adeomrocha.com.uy\/?p=1093","title":{"rendered":"Charlas con los Candidatos"},"content":{"rendered":"\n<p>En la ma\u00f1ana de hoy recibimos en nuestra Sede Central al Dr.Alejo Umpierrez, candidato a la Intendencia en las elecciones departamentales por el Partido Nacional. En una extensa charla, escuchamos las propuestas de gobierno de dicho candidato e intercambiamos opiniones en torno a las pol\u00edticas futuras en lo laboral para los funcionarios municipales. Se intercambiaron propuestas e inquietudes. La proxima semana recibiremos a mas candidatos de otros partidos con el fin de seguir aportando al di\u00e1logo con los aspirantes a dirigir la gesti\u00f3n municipal. Los mantendremos informados por nuestra pagina web y las redes sociales y tambien a trav\u00e9s de nuestra Secretar\u00eda. Ampliaremos con material de video.<\/p>\n\n\n\n<figure class=\"wp-block-image size-large\"><img loading=\"lazy\" decoding=\"async\" width=\"1024\" height=\"683\" src=\"http:\/\/www.adeomrocha.com.uy\/wp-content\/uploads\/2020\/07\/DSC_2857-1024x683.jpg\" alt=\"\" class=\"wp-image-1094\" srcset=\"https:\/\/www.adeomrocha.com.uy\/wp-content\/uploads\/2020\/07\/DSC_2857-1024x683.jpg 1024w, https:\/\/www.adeomrocha.com.uy\/wp-content\/uploads\/2020\/07\/DSC_2857-300x200.jpg 300w, https:\/\/www.adeomrocha.com.uy\/wp-content\/uploads\/2020\/07\/DSC_2857-768x512.jpg 768w, https:\/\/www.adeomrocha.com.uy\/wp-content\/uploads\/2020\/07\/DSC_2857-1536x1024.jpg 1536w, https:\/\/www.adeomrocha.com.uy\/wp-content\/uploads\/2020\/07\/DSC_2857-2048x1365.jpg 2048w, https:\/\/www.adeomrocha.com.uy\/wp-content\/uploads\/2020\/07\/DSC_2857-210x140.jpg 210w\" sizes=\"auto, (max-width: 1024px) 100vw, 1024px\" \/><\/figure>\n\n\n\n<figure class=\"wp-block-gallery columns-3 is-cropped wp-block-gallery-1 is-layout-flex wp-block-gallery-is-layout-flex\"><ul class=\"blocks-gallery-grid\"><li class=\"blocks-gallery-item\"><figure><img loading=\"lazy\" decoding=\"async\" width=\"1024\" height=\"683\" src=\"http:\/\/www.adeomrocha.com.uy\/wp-content\/uploads\/2020\/07\/DSC_2857-1-1024x683.jpg\" alt=\"\" data-id=\"1095\" data-full-url=\"http:\/\/www.adeomrocha.com.uy\/wp-content\/uploads\/2020\/07\/DSC_2857-1-scaled.jpg\" data-link=\"http:\/\/www.adeomrocha.com.uy\/?attachment_id=1095\" class=\"wp-image-1095\" srcset=\"https:\/\/www.adeomrocha.com.uy\/wp-content\/uploads\/2020\/07\/DSC_2857-1-1024x683.jpg 1024w, https:\/\/www.adeomrocha.com.uy\/wp-content\/uploads\/2020\/07\/DSC_2857-1-300x200.jpg 300w, https:\/\/www.adeomrocha.com.uy\/wp-content\/uploads\/2020\/07\/DSC_2857-1-768x512.jpg 768w, https:\/\/www.adeomrocha.com.uy\/wp-content\/uploads\/2020\/07\/DSC_2857-1-1536x1024.jpg 1536w, https:\/\/www.adeomrocha.com.uy\/wp-content\/uploads\/2020\/07\/DSC_2857-1-2048x1365.jpg 2048w, https:\/\/www.adeomrocha.com.uy\/wp-content\/uploads\/2020\/07\/DSC_2857-1-210x140.jpg 210w\" sizes=\"auto, (max-width: 1024px) 100vw, 1024px\" \/><\/figure><\/li><li class=\"blocks-gallery-item\"><figure><img loading=\"lazy\" decoding=\"async\" width=\"1024\" height=\"683\" src=\"http:\/\/www.adeomrocha.com.uy\/wp-content\/uploads\/2020\/07\/DSC_2858-1024x683.jpg\" alt=\"\" data-id=\"1097\" data-full-url=\"http:\/\/www.adeomrocha.com.uy\/wp-content\/uploads\/2020\/07\/DSC_2858-scaled.jpg\" data-link=\"http:\/\/www.adeomrocha.com.uy\/?attachment_id=1097\" class=\"wp-image-1097\" srcset=\"https:\/\/www.adeomrocha.com.uy\/wp-content\/uploads\/2020\/07\/DSC_2858-1024x683.jpg 1024w, https:\/\/www.adeomrocha.com.uy\/wp-content\/uploads\/2020\/07\/DSC_2858-300x200.jpg 300w, https:\/\/www.adeomrocha.com.uy\/wp-content\/uploads\/2020\/07\/DSC_2858-768x512.jpg 768w, https:\/\/www.adeomrocha.com.uy\/wp-content\/uploads\/2020\/07\/DSC_2858-1536x1024.jpg 1536w, https:\/\/www.adeomrocha.com.uy\/wp-content\/uploads\/2020\/07\/DSC_2858-2048x1365.jpg 2048w, https:\/\/www.adeomrocha.com.uy\/wp-content\/uploads\/2020\/07\/DSC_2858-210x140.jpg 210w\" sizes=\"auto, (max-width: 1024px) 100vw, 1024px\" \/><\/figure><\/li><li class=\"blocks-gallery-item\"><figure><img decoding=\"async\" src=\"blob:http:\/\/www.adeomrocha.com.uy\/e51037d7-40aa-4a1c-8c1a-6a1ecae4be4c\"\/><\/figure><\/li><li class=\"blocks-gallery-item\"><figure><img decoding=\"async\" src=\"blob:http:\/\/www.adeomrocha.com.uy\/a4f47599-7f28-400c-94fe-821085f82dcc\"\/><\/figure><\/li><li class=\"blocks-gallery-item\"><figure><img decoding=\"async\" src=\"blob:http:\/\/www.adeomrocha.com.uy\/aae99a2b-81b0-4304-ad55-a619d51b63e3\"\/><\/figure><\/li><li class=\"blocks-gallery-item\"><figure><img decoding=\"async\" src=\"blob:http:\/\/www.adeomrocha.com.uy\/8c3e4349-6d46-4cd7-88f8-780e08f0816c\"\/><\/figure><\/li><li class=\"blocks-gallery-item\"><figure><img decoding=\"async\" src=\"blob:http:\/\/www.adeomrocha.com.uy\/413f43ec-a015-4967-95d9-06cd9af588d3\"\/><\/figure><\/li><li class=\"blocks-gallery-item\"><figure><img decoding=\"async\" src=\"blob:http:\/\/www.adeomrocha.com.uy\/a8751dc1-3344-4977-97d7-de6ef853cda4\"\/><\/figure><\/li><li class=\"blocks-gallery-item\"><figure><img decoding=\"async\" src=\"blob:http:\/\/www.adeomrocha.com.uy\/ae7481ae-921f-4ea8-9261-a3c9c345c09d\"\/><\/figure><\/li><li class=\"blocks-gallery-item\"><figure><img decoding=\"async\" src=\"blob:http:\/\/www.adeomrocha.com.uy\/5ac39839-c5aa-4593-9e94-598355b9749f\"\/><\/figure><\/li><li class=\"blocks-gallery-item\"><figure><img decoding=\"async\" src=\"blob:http:\/\/www.adeomrocha.com.uy\/9ad46ab9-52fd-499e-b07b-907c9fa219df\"\/><\/figure><\/li><li class=\"blocks-gallery-item\"><figure><img decoding=\"async\" src=\"blob:http:\/\/www.adeomrocha.com.uy\/8434b670-6579-41f3-a147-d16d8fc0f6f5\"\/><\/figure><\/li><\/ul><\/figure>\n","protected":false},"excerpt":{"rendered":"<p>En la ma\u00f1ana de hoy recibimos en nuestra Sede Central al Dr.Alejo Umpierrez, candidato a la Intendencia en las elecciones departamentales por el Partido Nacional. En una extensa charla, escuchamos las propuestas de gobierno de dicho candidato e intercambiamos opiniones en torno a las pol\u00edticas futuras en lo laboral para los funcionarios municipales. Se intercambiaron [&hellip;]<\/p>\n","protected":false},"author":1,"featured_media":1097,"comment_status":"open","ping_status":"open","sticky":false,"template":"","format":"standard","meta":{"footnotes":""},"categories":[1],"tags":[],"class_list":["post-1093","post","type-post","status-publish","format-standard","has-post-thumbnail","hentry","category-sin-categoria"],"_links":{"self":[{"href":"https:\/\/www.adeomrocha.com.uy\/index.php?rest_route=\/wp\/v2\/posts\/1093","targetHints":{"allow":["GET"]}}],"collection":[{"href":"https:\/\/www.adeomrocha.com.uy\/index.php?rest_route=\/wp\/v2\/posts"}],"about":[{"href":"https:\/\/www.adeomrocha.com.uy\/index.php?rest_route=\/wp\/v2\/types\/post"}],"author":[{"embeddable":true,"href":"https:\/\/www.adeomrocha.com.uy\/index.php?rest_route=\/wp\/v2\/users\/1"}],"replies":[{"embeddable":true,"href":"https:\/\/www.adeomrocha.com.uy\/index.php?rest_route=%2Fwp%2Fv2%2Fcomments&post=1093"}],"version-history":[{"count":2,"href":"https:\/\/www.adeomrocha.com.uy\/index.php?rest_route=\/wp\/v2\/posts\/1093\/revisions"}],"predecessor-version":[{"id":1098,"href":"https:\/\/www.adeomrocha.com.uy\/index.php?rest_route=\/wp\/v2\/posts\/1093\/revisions\/1098"}],"wp:featuredmedia":[{"embeddable":true,"href":"https:\/\/www.adeomrocha.com.uy\/index.php?rest_route=\/wp\/v2\/media\/1097"}],"wp:attachment":[{"href":"https:\/\/www.adeomrocha.com.uy\/index.php?rest_route=%2Fwp%2Fv2%2Fmedia&parent=1093"}],"wp:term":[{"taxonomy":"category","embeddable":true,"href":"https:\/\/www.adeomrocha.com.uy\/index.php?rest_route=%2Fwp%2Fv2%2Fcategories&post=1093"},{"taxonomy":"post_tag","embeddable":true,"href":"https:\/\/www.adeomrocha.com.uy\/index.php?rest_route=%2Fwp%2Fv2%2Ftags&post=1093"}],"curies":[{"name":"wp","href":"https:\/\/api.w.org\/{rel}","templated":true}]}}