{"id":1073,"date":"2020-06-02T03:35:51","date_gmt":"2020-06-02T03:35:51","guid":{"rendered":"http:\/\/www.adeomrocha.com.uy\/?p=1073"},"modified":"2020-06-02T03:38:01","modified_gmt":"2020-06-02T03:38:01","slug":"caso-de-covid-19-en-rocha","status":"publish","type":"post","link":"https:\/\/www.adeomrocha.com.uy\/?p=1073","title":{"rendered":"Caso de Covid-19 en Chuy"},"content":{"rendered":"\n<p>Este lunes autoridades de la salud dieron a conocer la existencia del primer caso de contagio por el coronavirus Covid-19, en un ciudadano de la Rep\u00fablica Popular de Bangladesh que lleg\u00f3 a la ciudad de Chuy. El Presidente de Adeom Rocha y su Directiva, expresan su preocupaci\u00f3n ante esta situaci\u00f3n.<\/p>\n\n\n\n<p>El gremio reclama a las autoridades porque no se cumplieron con los protocolos sanitarios correspondientes ante un posible caso Covid 19.<\/p>\n\n\n\n<p>El Presidente de Adeom Rocha expres\u00f3: \u00abEsta noche se conoci\u00f3 la noticia y los tel\u00e9fonos a\u00fan no paran de sonar. Los compa\u00f1eros del municipio de Chuy est\u00e1n nerviosos. El ciudadano extranjero fue llevado al Polideportivo y no se activ\u00f3 el protocolo. A las 22:00 hs de este lunes estuvimos en dialogo con autoridades del ejecutivo departamental. Qu\u00e9 vamos a hacer? Que respuesta le daremos a los compa\u00f1eros y que acci\u00f3n sanitaria pondremos en pr\u00e1ctica para con los mismos que, durante estos d\u00edas, estuvieron expuestos.?\u00bb enfatiz\u00f3.<br>Por su parte el director departamental de salud, Dr Diego Pintado confirm\u00f3 que el paciente es asintom\u00e1tico y la posibilidad de contagio es baja.\u00bb Pero de todos modos tenemos que hacer el aislamiento de aquellas personas que estuvieron en contacto con el paciente\u00bb dijo a medios de prensa.<\/p>\n\n\n\n<p>Por su parte, integrantes del Comit\u00e9 Departamental de Emergencias, se estar\u00e1n comunicando en los pr\u00f3ximos minutos con el Ministerio de Relaciones Exteriores para que intervenga en este caso.Pretenden que se active un protocolo similar al que se di\u00f3 con los tripulantes del Greg Mortimer que desembarcaron en hoteles mediante corredor humanitario. Aducen las autoridades locales ,que este ciudadano debe estar aislado en un hotel y con guardia policial.<\/p>\n\n\n\n<p>Mantendremos informados a los integrantes del gremio y pedimos a los compa\u00f1eros a actuar con responsabilidad y seg\u00fan los protocolos que hemos venido difundiendo y trabajando en conjunto con las autoridades para extremar las medidas de seguridad sanitaria.<\/p>\n\n\n\n<figure class=\"wp-block-image size-large\"><img loading=\"lazy\" decoding=\"async\" width=\"600\" height=\"318\" src=\"https:\/\/www.adeomrocha.com.uy\/wp-content\/uploads\/2020\/06\/chuy.jpeg\" alt=\"\" class=\"wp-image-1074\" srcset=\"https:\/\/www.adeomrocha.com.uy\/wp-content\/uploads\/2020\/06\/chuy.jpeg 600w, https:\/\/www.adeomrocha.com.uy\/wp-content\/uploads\/2020\/06\/chuy-300x159.jpeg 300w, https:\/\/www.adeomrocha.com.uy\/wp-content\/uploads\/2020\/06\/chuy-210x111.jpeg 210w\" sizes=\"auto, (max-width: 600px) 100vw, 600px\" \/><\/figure>\n","protected":false},"excerpt":{"rendered":"<p>Este lunes autoridades de la salud dieron a conocer la existencia del primer caso de contagio por el coronavirus Covid-19, en un ciudadano de la Rep\u00fablica Popular de Bangladesh que lleg\u00f3 a la ciudad de Chuy. El Presidente de Adeom Rocha y su Directiva, expresan su preocupaci\u00f3n ante esta situaci\u00f3n. El gremio reclama a las [&hellip;]<\/p>\n","protected":false},"author":1,"featured_media":1074,"comment_status":"open","ping_status":"open","sticky":false,"template":"","format":"standard","meta":{"footnotes":""},"categories":[1],"tags":[],"class_list":["post-1073","post","type-post","status-publish","format-standard","has-post-thumbnail","hentry","category-sin-categoria"],"_links":{"self":[{"href":"https:\/\/www.adeomrocha.com.uy\/index.php?rest_route=\/wp\/v2\/posts\/1073","targetHints":{"allow":["GET"]}}],"collection":[{"href":"https:\/\/www.adeomrocha.com.uy\/index.php?rest_route=\/wp\/v2\/posts"}],"about":[{"href":"https:\/\/www.adeomrocha.com.uy\/index.php?rest_route=\/wp\/v2\/types\/post"}],"author":[{"embeddable":true,"href":"https:\/\/www.adeomrocha.com.uy\/index.php?rest_route=\/wp\/v2\/users\/1"}],"replies":[{"embeddable":true,"href":"https:\/\/www.adeomrocha.com.uy\/index.php?rest_route=%2Fwp%2Fv2%2Fcomments&post=1073"}],"version-history":[{"count":2,"href":"https:\/\/www.adeomrocha.com.uy\/index.php?rest_route=\/wp\/v2\/posts\/1073\/revisions"}],"predecessor-version":[{"id":1076,"href":"https:\/\/www.adeomrocha.com.uy\/index.php?rest_route=\/wp\/v2\/posts\/1073\/revisions\/1076"}],"wp:featuredmedia":[{"embeddable":true,"href":"https:\/\/www.adeomrocha.com.uy\/index.php?rest_route=\/wp\/v2\/media\/1074"}],"wp:attachment":[{"href":"https:\/\/www.adeomrocha.com.uy\/index.php?rest_route=%2Fwp%2Fv2%2Fmedia&parent=1073"}],"wp:term":[{"taxonomy":"category","embeddable":true,"href":"https:\/\/www.adeomrocha.com.uy\/index.php?rest_route=%2Fwp%2Fv2%2Fcategories&post=1073"},{"taxonomy":"post_tag","embeddable":true,"href":"https:\/\/www.adeomrocha.com.uy\/index.php?rest_route=%2Fwp%2Fv2%2Ftags&post=1073"}],"curies":[{"name":"wp","href":"https:\/\/api.w.org\/{rel}","templated":true}]}}