{"id":1035,"date":"2020-02-17T17:46:28","date_gmt":"2020-02-17T17:46:28","guid":{"rendered":"http:\/\/www.adeomrocha.com.uy\/?p=1035"},"modified":"2020-02-17T17:46:30","modified_gmt":"2020-02-17T17:46:30","slug":"reunion-bipartita-este-miercoles","status":"publish","type":"post","link":"https:\/\/www.adeomrocha.com.uy\/?p=1035","title":{"rendered":"Reunion bipartita este miercoles"},"content":{"rendered":"\n<p>ATENCION : Se concret\u00f3 fecha de reunion bipartita entre la Intendente de Rocha Dra. Flavia Coelho y Adeom Rocha, este mi\u00e9rcoles 19 de febrero, a la hora 9:00 En dicha reuni\u00f3n trataremos temas relevantes para nuestro gremio y los funcionarios municipales..<\/p>\n\n\n\n<figure class=\"wp-block-image size-large\"><img loading=\"lazy\" decoding=\"async\" width=\"1024\" height=\"768\" src=\"https:\/\/www.adeomrocha.com.uy\/wp-content\/uploads\/2020\/02\/71820452_1188575851350409_3380257476631855104_o-1024x768.jpg\" alt=\"\" class=\"wp-image-1036\" srcset=\"https:\/\/www.adeomrocha.com.uy\/wp-content\/uploads\/2020\/02\/71820452_1188575851350409_3380257476631855104_o-1024x768.jpg 1024w, https:\/\/www.adeomrocha.com.uy\/wp-content\/uploads\/2020\/02\/71820452_1188575851350409_3380257476631855104_o-300x225.jpg 300w, https:\/\/www.adeomrocha.com.uy\/wp-content\/uploads\/2020\/02\/71820452_1188575851350409_3380257476631855104_o-768x576.jpg 768w, https:\/\/www.adeomrocha.com.uy\/wp-content\/uploads\/2020\/02\/71820452_1188575851350409_3380257476631855104_o-1536x1152.jpg 1536w, https:\/\/www.adeomrocha.com.uy\/wp-content\/uploads\/2020\/02\/71820452_1188575851350409_3380257476631855104_o-210x158.jpg 210w, https:\/\/www.adeomrocha.com.uy\/wp-content\/uploads\/2020\/02\/71820452_1188575851350409_3380257476631855104_o.jpg 1600w\" sizes=\"auto, (max-width: 1024px) 100vw, 1024px\" \/><figcaption>Parte de la Directiva de Adeom Rocha<\/figcaption><\/figure>\n\n\n\n<figure class=\"wp-block-gallery columns-1 is-cropped wp-block-gallery-1 is-layout-flex wp-block-gallery-is-layout-flex\"><ul class=\"blocks-gallery-grid\"><li class=\"blocks-gallery-item\"><figure><img loading=\"lazy\" decoding=\"async\" width=\"534\" height=\"534\" src=\"https:\/\/www.adeomrocha.com.uy\/wp-content\/uploads\/2020\/02\/73214909_3219275038145558_580067373780828160_n.jpg\" alt=\"\" data-id=\"1037\" data-full-url=\"https:\/\/www.adeomrocha.com.uy\/wp-content\/uploads\/2020\/02\/73214909_3219275038145558_580067373780828160_n.jpg\" data-link=\"https:\/\/www.adeomrocha.com.uy\/?attachment_id=1037\" class=\"wp-image-1037\" srcset=\"https:\/\/www.adeomrocha.com.uy\/wp-content\/uploads\/2020\/02\/73214909_3219275038145558_580067373780828160_n.jpg 534w, https:\/\/www.adeomrocha.com.uy\/wp-content\/uploads\/2020\/02\/73214909_3219275038145558_580067373780828160_n-300x300.jpg 300w, https:\/\/www.adeomrocha.com.uy\/wp-content\/uploads\/2020\/02\/73214909_3219275038145558_580067373780828160_n-150x150.jpg 150w, https:\/\/www.adeomrocha.com.uy\/wp-content\/uploads\/2020\/02\/73214909_3219275038145558_580067373780828160_n-210x210.jpg 210w\" sizes=\"auto, (max-width: 534px) 100vw, 534px\" \/><figcaption class=\"blocks-gallery-item__caption\">Flavia Coelho, Intendente de Rocha<\/figcaption><\/figure><\/li><\/ul><\/figure>\n","protected":false},"excerpt":{"rendered":"<p>ATENCION : Se concret\u00f3 fecha de reunion bipartita entre la Intendente de Rocha Dra. Flavia Coelho y Adeom Rocha, este mi\u00e9rcoles 19 de febrero, a la hora 9:00 En dicha reuni\u00f3n trataremos temas relevantes para nuestro gremio y los funcionarios municipales..<\/p>\n","protected":false},"author":1,"featured_media":1037,"comment_status":"open","ping_status":"open","sticky":false,"template":"","format":"standard","meta":{"footnotes":""},"categories":[1],"tags":[],"class_list":["post-1035","post","type-post","status-publish","format-standard","has-post-thumbnail","hentry","category-sin-categoria"],"_links":{"self":[{"href":"https:\/\/www.adeomrocha.com.uy\/index.php?rest_route=\/wp\/v2\/posts\/1035","targetHints":{"allow":["GET"]}}],"collection":[{"href":"https:\/\/www.adeomrocha.com.uy\/index.php?rest_route=\/wp\/v2\/posts"}],"about":[{"href":"https:\/\/www.adeomrocha.com.uy\/index.php?rest_route=\/wp\/v2\/types\/post"}],"author":[{"embeddable":true,"href":"https:\/\/www.adeomrocha.com.uy\/index.php?rest_route=\/wp\/v2\/users\/1"}],"replies":[{"embeddable":true,"href":"https:\/\/www.adeomrocha.com.uy\/index.php?rest_route=%2Fwp%2Fv2%2Fcomments&post=1035"}],"version-history":[{"count":1,"href":"https:\/\/www.adeomrocha.com.uy\/index.php?rest_route=\/wp\/v2\/posts\/1035\/revisions"}],"predecessor-version":[{"id":1038,"href":"https:\/\/www.adeomrocha.com.uy\/index.php?rest_route=\/wp\/v2\/posts\/1035\/revisions\/1038"}],"wp:featuredmedia":[{"embeddable":true,"href":"https:\/\/www.adeomrocha.com.uy\/index.php?rest_route=\/wp\/v2\/media\/1037"}],"wp:attachment":[{"href":"https:\/\/www.adeomrocha.com.uy\/index.php?rest_route=%2Fwp%2Fv2%2Fmedia&parent=1035"}],"wp:term":[{"taxonomy":"category","embeddable":true,"href":"https:\/\/www.adeomrocha.com.uy\/index.php?rest_route=%2Fwp%2Fv2%2Fcategories&post=1035"},{"taxonomy":"post_tag","embeddable":true,"href":"https:\/\/www.adeomrocha.com.uy\/index.php?rest_route=%2Fwp%2Fv2%2Ftags&post=1035"}],"curies":[{"name":"wp","href":"https:\/\/api.w.org\/{rel}","templated":true}]}}