{"id":1026,"date":"2020-02-03T12:55:21","date_gmt":"2020-02-03T12:55:21","guid":{"rendered":"http:\/\/www.adeomrocha.com.uy\/?p=1026"},"modified":"2020-02-12T03:27:41","modified_gmt":"2020-02-12T03:27:41","slug":"adeom-rocha-convoca-a-directiva-ampliada","status":"publish","type":"post","link":"https:\/\/www.adeomrocha.com.uy\/?p=1026","title":{"rendered":"Adeom Rocha convoca a Directiva ampliada"},"content":{"rendered":"\n<p>Adeom Rocha convoca a Directiva ampliada, Comisi\u00f3n fiscal y Comisi\u00f3n carrera funcional para ma\u00f1ana hora 10 en su sede central. <\/p>\n\n\n\n<figure class=\"wp-block-image size-large\"><img loading=\"lazy\" decoding=\"async\" width=\"741\" height=\"1024\" src=\"https:\/\/www.adeomrocha.com.uy\/wp-content\/uploads\/2020\/02\/IMG-20200203-WA0000-741x1024.jpg\" alt=\"\" class=\"wp-image-1027\" srcset=\"https:\/\/www.adeomrocha.com.uy\/wp-content\/uploads\/2020\/02\/IMG-20200203-WA0000-741x1024.jpg 741w, https:\/\/www.adeomrocha.com.uy\/wp-content\/uploads\/2020\/02\/IMG-20200203-WA0000-217x300.jpg 217w, https:\/\/www.adeomrocha.com.uy\/wp-content\/uploads\/2020\/02\/IMG-20200203-WA0000-768x1061.jpg 768w, https:\/\/www.adeomrocha.com.uy\/wp-content\/uploads\/2020\/02\/IMG-20200203-WA0000-1112x1536.jpg 1112w, https:\/\/www.adeomrocha.com.uy\/wp-content\/uploads\/2020\/02\/IMG-20200203-WA0000-152x210.jpg 152w, https:\/\/www.adeomrocha.com.uy\/wp-content\/uploads\/2020\/02\/IMG-20200203-WA0000.jpg 1158w\" sizes=\"auto, (max-width: 741px) 100vw, 741px\" \/><\/figure>\n\n\n\n<figure class=\"wp-block-image size-large\"><img loading=\"lazy\" decoding=\"async\" width=\"739\" height=\"1024\" src=\"https:\/\/www.adeomrocha.com.uy\/wp-content\/uploads\/2020\/02\/IMG-20200203-WA0001-739x1024.jpg\" alt=\"\" class=\"wp-image-1028\" srcset=\"https:\/\/www.adeomrocha.com.uy\/wp-content\/uploads\/2020\/02\/IMG-20200203-WA0001-739x1024.jpg 739w, https:\/\/www.adeomrocha.com.uy\/wp-content\/uploads\/2020\/02\/IMG-20200203-WA0001-216x300.jpg 216w, https:\/\/www.adeomrocha.com.uy\/wp-content\/uploads\/2020\/02\/IMG-20200203-WA0001-768x1065.jpg 768w, https:\/\/www.adeomrocha.com.uy\/wp-content\/uploads\/2020\/02\/IMG-20200203-WA0001-1108x1536.jpg 1108w, https:\/\/www.adeomrocha.com.uy\/wp-content\/uploads\/2020\/02\/IMG-20200203-WA0001-151x210.jpg 151w, https:\/\/www.adeomrocha.com.uy\/wp-content\/uploads\/2020\/02\/IMG-20200203-WA0001.jpg 1154w\" sizes=\"auto, (max-width: 739px) 100vw, 739px\" \/><\/figure>\n\n\n\n<h2 class=\"wp-block-heading\"><\/h2>\n","protected":false},"excerpt":{"rendered":"<p>Adeom Rocha convoca a Directiva ampliada, Comisi\u00f3n fiscal y Comisi\u00f3n carrera funcional para ma\u00f1ana hora 10 en su sede central.<\/p>\n","protected":false},"author":1,"featured_media":1028,"comment_status":"open","ping_status":"open","sticky":false,"template":"","format":"standard","meta":{"footnotes":""},"categories":[1],"tags":[],"class_list":["post-1026","post","type-post","status-publish","format-standard","has-post-thumbnail","hentry","category-sin-categoria"],"_links":{"self":[{"href":"https:\/\/www.adeomrocha.com.uy\/index.php?rest_route=\/wp\/v2\/posts\/1026","targetHints":{"allow":["GET"]}}],"collection":[{"href":"https:\/\/www.adeomrocha.com.uy\/index.php?rest_route=\/wp\/v2\/posts"}],"about":[{"href":"https:\/\/www.adeomrocha.com.uy\/index.php?rest_route=\/wp\/v2\/types\/post"}],"author":[{"embeddable":true,"href":"https:\/\/www.adeomrocha.com.uy\/index.php?rest_route=\/wp\/v2\/users\/1"}],"replies":[{"embeddable":true,"href":"https:\/\/www.adeomrocha.com.uy\/index.php?rest_route=%2Fwp%2Fv2%2Fcomments&post=1026"}],"version-history":[{"count":2,"href":"https:\/\/www.adeomrocha.com.uy\/index.php?rest_route=\/wp\/v2\/posts\/1026\/revisions"}],"predecessor-version":[{"id":1030,"href":"https:\/\/www.adeomrocha.com.uy\/index.php?rest_route=\/wp\/v2\/posts\/1026\/revisions\/1030"}],"wp:featuredmedia":[{"embeddable":true,"href":"https:\/\/www.adeomrocha.com.uy\/index.php?rest_route=\/wp\/v2\/media\/1028"}],"wp:attachment":[{"href":"https:\/\/www.adeomrocha.com.uy\/index.php?rest_route=%2Fwp%2Fv2%2Fmedia&parent=1026"}],"wp:term":[{"taxonomy":"category","embeddable":true,"href":"https:\/\/www.adeomrocha.com.uy\/index.php?rest_route=%2Fwp%2Fv2%2Fcategories&post=1026"},{"taxonomy":"post_tag","embeddable":true,"href":"https:\/\/www.adeomrocha.com.uy\/index.php?rest_route=%2Fwp%2Fv2%2Ftags&post=1026"}],"curies":[{"name":"wp","href":"https:\/\/api.w.org\/{rel}","templated":true}]}}