{"id":1018,"date":"2019-12-27T02:48:22","date_gmt":"2019-12-27T02:48:22","guid":{"rendered":"http:\/\/www.adeomrocha.com.uy\/?p=1018"},"modified":"2019-12-27T02:48:24","modified_gmt":"2019-12-27T02:48:24","slug":"luto-por-el-companero","status":"publish","type":"post","link":"https:\/\/www.adeomrocha.com.uy\/?p=1018","title":{"rendered":"Luto por el compa\u00f1ero"},"content":{"rendered":"\n<p> La directiva de Adeom Rocha convoca a todos los funcionarios municipales del departamento a no salir al cumplimiento de sus tareas en el d\u00eda de ma\u00f1ana en solidaridad con los familiares del compa\u00f1ero fallecido Pablo Senosiain y de sus compa\u00f1eros del Municipio de Chuy. <\/p>\n\n\n\n<figure class=\"wp-block-image\"><img loading=\"lazy\" decoding=\"async\" width=\"900\" height=\"500\" src=\"https:\/\/www.adeomrocha.com.uy\/wp-content\/uploads\/2019\/12\/luto-cinta-negra.jpg\" alt=\"\" class=\"wp-image-1019\" srcset=\"https:\/\/www.adeomrocha.com.uy\/wp-content\/uploads\/2019\/12\/luto-cinta-negra.jpg 900w, https:\/\/www.adeomrocha.com.uy\/wp-content\/uploads\/2019\/12\/luto-cinta-negra-300x167.jpg 300w, https:\/\/www.adeomrocha.com.uy\/wp-content\/uploads\/2019\/12\/luto-cinta-negra-768x427.jpg 768w, https:\/\/www.adeomrocha.com.uy\/wp-content\/uploads\/2019\/12\/luto-cinta-negra-210x117.jpg 210w\" sizes=\"auto, (max-width: 900px) 100vw, 900px\" \/><\/figure>\n","protected":false},"excerpt":{"rendered":"<p>La directiva de Adeom Rocha convoca a todos los funcionarios municipales del departamento a no salir al cumplimiento de sus tareas en el d\u00eda de ma\u00f1ana en solidaridad con los familiares del compa\u00f1ero fallecido Pablo Senosiain y de sus compa\u00f1eros del Municipio de Chuy.<\/p>\n","protected":false},"author":1,"featured_media":1019,"comment_status":"open","ping_status":"open","sticky":false,"template":"","format":"standard","meta":{"footnotes":""},"categories":[1],"tags":[],"class_list":["post-1018","post","type-post","status-publish","format-standard","has-post-thumbnail","hentry","category-sin-categoria"],"_links":{"self":[{"href":"https:\/\/www.adeomrocha.com.uy\/index.php?rest_route=\/wp\/v2\/posts\/1018","targetHints":{"allow":["GET"]}}],"collection":[{"href":"https:\/\/www.adeomrocha.com.uy\/index.php?rest_route=\/wp\/v2\/posts"}],"about":[{"href":"https:\/\/www.adeomrocha.com.uy\/index.php?rest_route=\/wp\/v2\/types\/post"}],"author":[{"embeddable":true,"href":"https:\/\/www.adeomrocha.com.uy\/index.php?rest_route=\/wp\/v2\/users\/1"}],"replies":[{"embeddable":true,"href":"https:\/\/www.adeomrocha.com.uy\/index.php?rest_route=%2Fwp%2Fv2%2Fcomments&post=1018"}],"version-history":[{"count":1,"href":"https:\/\/www.adeomrocha.com.uy\/index.php?rest_route=\/wp\/v2\/posts\/1018\/revisions"}],"predecessor-version":[{"id":1020,"href":"https:\/\/www.adeomrocha.com.uy\/index.php?rest_route=\/wp\/v2\/posts\/1018\/revisions\/1020"}],"wp:featuredmedia":[{"embeddable":true,"href":"https:\/\/www.adeomrocha.com.uy\/index.php?rest_route=\/wp\/v2\/media\/1019"}],"wp:attachment":[{"href":"https:\/\/www.adeomrocha.com.uy\/index.php?rest_route=%2Fwp%2Fv2%2Fmedia&parent=1018"}],"wp:term":[{"taxonomy":"category","embeddable":true,"href":"https:\/\/www.adeomrocha.com.uy\/index.php?rest_route=%2Fwp%2Fv2%2Fcategories&post=1018"},{"taxonomy":"post_tag","embeddable":true,"href":"https:\/\/www.adeomrocha.com.uy\/index.php?rest_route=%2Fwp%2Fv2%2Ftags&post=1018"}],"curies":[{"name":"wp","href":"https:\/\/api.w.org\/{rel}","templated":true}]}}