{"id":1011,"date":"2019-12-15T20:19:26","date_gmt":"2019-12-15T20:19:26","guid":{"rendered":"http:\/\/www.adeomrocha.com.uy\/?p=1011"},"modified":"2019-12-15T20:19:28","modified_gmt":"2019-12-15T20:19:28","slug":"aniversario-de-la-huelga","status":"publish","type":"post","link":"https:\/\/www.adeomrocha.com.uy\/?p=1011","title":{"rendered":"Aniversario de la Huelga"},"content":{"rendered":"\n<p>Hoy se cumplen 4 a\u00f1os de la huelga de hambre. A est\u00e1 hora empezamos. A los huelguistas, as\u00ed los mencionaban la clase pol\u00edtica, nuestro m\u00e1s sincero saludo y reconocimiento. Sin esa etapa de la negociaci\u00f3n colectiva hubi\u00e9semos perdido salario en este quinquenio . Salud compa\u00f1eros. Hoy la historia nos da la raz\u00f3n nuevamente. A los que nos acompa\u00f1aron tambi\u00e9n y el a\u00f1o que viene tenemos otra nueva etapa y lucha por recorrer.<\/p>\n\n\n\n<ul class=\"wp-block-gallery columns-3 is-cropped wp-block-gallery-1 is-layout-flex wp-block-gallery-is-layout-flex\"><li class=\"blocks-gallery-item\"><figure><img loading=\"lazy\" decoding=\"async\" width=\"960\" height=\"720\" src=\"http:\/\/www.adeomrocha.com.uy\/wp-content\/uploads\/2019\/12\/12375002_442005799340755_4401164203508745985_o.jpg\" alt=\"\" data-id=\"1012\" data-link=\"http:\/\/www.adeomrocha.com.uy\/?attachment_id=1012\" class=\"wp-image-1012\" srcset=\"https:\/\/www.adeomrocha.com.uy\/wp-content\/uploads\/2019\/12\/12375002_442005799340755_4401164203508745985_o.jpg 960w, https:\/\/www.adeomrocha.com.uy\/wp-content\/uploads\/2019\/12\/12375002_442005799340755_4401164203508745985_o-300x225.jpg 300w, https:\/\/www.adeomrocha.com.uy\/wp-content\/uploads\/2019\/12\/12375002_442005799340755_4401164203508745985_o-768x576.jpg 768w, https:\/\/www.adeomrocha.com.uy\/wp-content\/uploads\/2019\/12\/12375002_442005799340755_4401164203508745985_o-210x158.jpg 210w\" sizes=\"auto, (max-width: 960px) 100vw, 960px\" \/><\/figure><\/li><li class=\"blocks-gallery-item\"><figure><img loading=\"lazy\" decoding=\"async\" width=\"1024\" height=\"614\" src=\"http:\/\/www.adeomrocha.com.uy\/wp-content\/uploads\/2019\/12\/12113324_427523727455629_4473699022575476431_o-1024x614.jpg\" alt=\"\" data-id=\"1013\" data-link=\"http:\/\/www.adeomrocha.com.uy\/?attachment_id=1013\" class=\"wp-image-1013\" srcset=\"https:\/\/www.adeomrocha.com.uy\/wp-content\/uploads\/2019\/12\/12113324_427523727455629_4473699022575476431_o-1024x614.jpg 1024w, https:\/\/www.adeomrocha.com.uy\/wp-content\/uploads\/2019\/12\/12113324_427523727455629_4473699022575476431_o-300x180.jpg 300w, https:\/\/www.adeomrocha.com.uy\/wp-content\/uploads\/2019\/12\/12113324_427523727455629_4473699022575476431_o-768x461.jpg 768w, https:\/\/www.adeomrocha.com.uy\/wp-content\/uploads\/2019\/12\/12113324_427523727455629_4473699022575476431_o-210x126.jpg 210w, https:\/\/www.adeomrocha.com.uy\/wp-content\/uploads\/2019\/12\/12113324_427523727455629_4473699022575476431_o.jpg 2048w\" sizes=\"auto, (max-width: 1024px) 100vw, 1024px\" \/><\/figure><\/li><li class=\"blocks-gallery-item\"><figure><img loading=\"lazy\" decoding=\"async\" width=\"1024\" height=\"614\" src=\"http:\/\/www.adeomrocha.com.uy\/wp-content\/uploads\/2019\/12\/12087168_427523724122296_5798121515039017814_o-1024x614.jpg\" alt=\"\" data-id=\"1014\" data-link=\"http:\/\/www.adeomrocha.com.uy\/?attachment_id=1014\" class=\"wp-image-1014\" srcset=\"https:\/\/www.adeomrocha.com.uy\/wp-content\/uploads\/2019\/12\/12087168_427523724122296_5798121515039017814_o-1024x614.jpg 1024w, https:\/\/www.adeomrocha.com.uy\/wp-content\/uploads\/2019\/12\/12087168_427523724122296_5798121515039017814_o-300x180.jpg 300w, https:\/\/www.adeomrocha.com.uy\/wp-content\/uploads\/2019\/12\/12087168_427523724122296_5798121515039017814_o-768x461.jpg 768w, https:\/\/www.adeomrocha.com.uy\/wp-content\/uploads\/2019\/12\/12087168_427523724122296_5798121515039017814_o-210x126.jpg 210w, https:\/\/www.adeomrocha.com.uy\/wp-content\/uploads\/2019\/12\/12087168_427523724122296_5798121515039017814_o.jpg 2048w\" sizes=\"auto, (max-width: 1024px) 100vw, 1024px\" \/><\/figure><\/li><\/ul>\n","protected":false},"excerpt":{"rendered":"<p>Hoy se cumplen 4 a\u00f1os de la huelga de hambre. A est\u00e1 hora empezamos. A los huelguistas, as\u00ed los mencionaban la clase pol\u00edtica, nuestro m\u00e1s sincero saludo y reconocimiento. Sin esa etapa de la negociaci\u00f3n colectiva hubi\u00e9semos perdido salario en este quinquenio . Salud compa\u00f1eros. Hoy la historia nos da la raz\u00f3n nuevamente. A los [&hellip;]<\/p>\n","protected":false},"author":1,"featured_media":1012,"comment_status":"open","ping_status":"open","sticky":false,"template":"","format":"standard","meta":{"footnotes":""},"categories":[1],"tags":[],"class_list":["post-1011","post","type-post","status-publish","format-standard","has-post-thumbnail","hentry","category-sin-categoria"],"_links":{"self":[{"href":"https:\/\/www.adeomrocha.com.uy\/index.php?rest_route=\/wp\/v2\/posts\/1011","targetHints":{"allow":["GET"]}}],"collection":[{"href":"https:\/\/www.adeomrocha.com.uy\/index.php?rest_route=\/wp\/v2\/posts"}],"about":[{"href":"https:\/\/www.adeomrocha.com.uy\/index.php?rest_route=\/wp\/v2\/types\/post"}],"author":[{"embeddable":true,"href":"https:\/\/www.adeomrocha.com.uy\/index.php?rest_route=\/wp\/v2\/users\/1"}],"replies":[{"embeddable":true,"href":"https:\/\/www.adeomrocha.com.uy\/index.php?rest_route=%2Fwp%2Fv2%2Fcomments&post=1011"}],"version-history":[{"count":1,"href":"https:\/\/www.adeomrocha.com.uy\/index.php?rest_route=\/wp\/v2\/posts\/1011\/revisions"}],"predecessor-version":[{"id":1015,"href":"https:\/\/www.adeomrocha.com.uy\/index.php?rest_route=\/wp\/v2\/posts\/1011\/revisions\/1015"}],"wp:featuredmedia":[{"embeddable":true,"href":"https:\/\/www.adeomrocha.com.uy\/index.php?rest_route=\/wp\/v2\/media\/1012"}],"wp:attachment":[{"href":"https:\/\/www.adeomrocha.com.uy\/index.php?rest_route=%2Fwp%2Fv2%2Fmedia&parent=1011"}],"wp:term":[{"taxonomy":"category","embeddable":true,"href":"https:\/\/www.adeomrocha.com.uy\/index.php?rest_route=%2Fwp%2Fv2%2Fcategories&post=1011"},{"taxonomy":"post_tag","embeddable":true,"href":"https:\/\/www.adeomrocha.com.uy\/index.php?rest_route=%2Fwp%2Fv2%2Ftags&post=1011"}],"curies":[{"name":"wp","href":"https:\/\/api.w.org\/{rel}","templated":true}]}}