{"id":1007,"date":"2019-12-15T20:11:48","date_gmt":"2019-12-15T20:11:48","guid":{"rendered":"http:\/\/www.adeomrocha.com.uy\/?p=1007"},"modified":"2019-12-15T20:11:50","modified_gmt":"2019-12-15T20:11:50","slug":"cambio-de-horarios-para-personal-administrativo","status":"publish","type":"post","link":"https:\/\/www.adeomrocha.com.uy\/?p=1007","title":{"rendered":"Cambio de horarios para Personal Administrativo"},"content":{"rendered":"\n<p> Atenci\u00f3n: cambio de horarios del personal Administrativo para este pr\u00f3ximo lunes, hasta el pr\u00f3ximo 28 de febrero. Se establece de 07:50 hasta las 13:50 hs. <\/p>\n\n\n\n<figure class=\"wp-block-image\"><img loading=\"lazy\" decoding=\"async\" width=\"1024\" height=\"576\" src=\"http:\/\/www.adeomrocha.com.uy\/wp-content\/uploads\/2019\/12\/WhatsApp-Image-2019-12-13-at-15.49.03-1024x576.jpeg\" alt=\"\" class=\"wp-image-1008\" srcset=\"https:\/\/www.adeomrocha.com.uy\/wp-content\/uploads\/2019\/12\/WhatsApp-Image-2019-12-13-at-15.49.03-1024x576.jpeg 1024w, https:\/\/www.adeomrocha.com.uy\/wp-content\/uploads\/2019\/12\/WhatsApp-Image-2019-12-13-at-15.49.03-300x169.jpeg 300w, https:\/\/www.adeomrocha.com.uy\/wp-content\/uploads\/2019\/12\/WhatsApp-Image-2019-12-13-at-15.49.03-768x432.jpeg 768w, https:\/\/www.adeomrocha.com.uy\/wp-content\/uploads\/2019\/12\/WhatsApp-Image-2019-12-13-at-15.49.03-210x118.jpeg 210w, https:\/\/www.adeomrocha.com.uy\/wp-content\/uploads\/2019\/12\/WhatsApp-Image-2019-12-13-at-15.49.03.jpeg 1600w\" sizes=\"auto, (max-width: 1024px) 100vw, 1024px\" \/><\/figure>\n","protected":false},"excerpt":{"rendered":"<p>Atenci\u00f3n: cambio de horarios del personal Administrativo para este pr\u00f3ximo lunes, hasta el pr\u00f3ximo 28 de febrero. Se establece de 07:50 hasta las 13:50 hs.<\/p>\n","protected":false},"author":1,"featured_media":1008,"comment_status":"open","ping_status":"open","sticky":false,"template":"","format":"standard","meta":{"footnotes":""},"categories":[1],"tags":[],"class_list":["post-1007","post","type-post","status-publish","format-standard","has-post-thumbnail","hentry","category-sin-categoria"],"_links":{"self":[{"href":"https:\/\/www.adeomrocha.com.uy\/index.php?rest_route=\/wp\/v2\/posts\/1007","targetHints":{"allow":["GET"]}}],"collection":[{"href":"https:\/\/www.adeomrocha.com.uy\/index.php?rest_route=\/wp\/v2\/posts"}],"about":[{"href":"https:\/\/www.adeomrocha.com.uy\/index.php?rest_route=\/wp\/v2\/types\/post"}],"author":[{"embeddable":true,"href":"https:\/\/www.adeomrocha.com.uy\/index.php?rest_route=\/wp\/v2\/users\/1"}],"replies":[{"embeddable":true,"href":"https:\/\/www.adeomrocha.com.uy\/index.php?rest_route=%2Fwp%2Fv2%2Fcomments&post=1007"}],"version-history":[{"count":1,"href":"https:\/\/www.adeomrocha.com.uy\/index.php?rest_route=\/wp\/v2\/posts\/1007\/revisions"}],"predecessor-version":[{"id":1009,"href":"https:\/\/www.adeomrocha.com.uy\/index.php?rest_route=\/wp\/v2\/posts\/1007\/revisions\/1009"}],"wp:featuredmedia":[{"embeddable":true,"href":"https:\/\/www.adeomrocha.com.uy\/index.php?rest_route=\/wp\/v2\/media\/1008"}],"wp:attachment":[{"href":"https:\/\/www.adeomrocha.com.uy\/index.php?rest_route=%2Fwp%2Fv2%2Fmedia&parent=1007"}],"wp:term":[{"taxonomy":"category","embeddable":true,"href":"https:\/\/www.adeomrocha.com.uy\/index.php?rest_route=%2Fwp%2Fv2%2Fcategories&post=1007"},{"taxonomy":"post_tag","embeddable":true,"href":"https:\/\/www.adeomrocha.com.uy\/index.php?rest_route=%2Fwp%2Fv2%2Ftags&post=1007"}],"curies":[{"name":"wp","href":"https:\/\/api.w.org\/{rel}","templated":true}]}}