{"id":2747,"date":"2024-12-19T19:59:49","date_gmt":"2024-12-19T19:59:49","guid":{"rendered":"https:\/\/www.adeomrocha.com.uy\/?p=2747"},"modified":"2025-01-08T17:08:08","modified_gmt":"2025-01-08T17:08:08","slug":"nueva-residencia-de-adeom-rocha-un-logro-de-gestion-bajo-la-directiva-de-hector-pereyra","status":"publish","type":"post","link":"http:\/\/www.adeomrocha.com.uy\/?p=2747","title":{"rendered":"Nueva Residencia de ADEOM Rocha: Un logro de gesti\u00f3n bajo la directiva de H\u00e9ctor Pereyra"},"content":{"rendered":"\n<p>La Asociaci\u00f3n de Empleados y Obreros Municipales de Rocha (ADEOM) celebra, hoy jueves 19 de diciembre, un hito significativo en beneficio de nuestros afiliados con la inauguraci\u00f3n de una residencia destinada a socios provenientes del interior del departamento. Este importante logro fue posible gracias al proyecto de restauraci\u00f3n integral de la sede ubicada en la ciudad de Rocha, liderado por la directiva presidida por H\u00e9ctor Pereyra.<\/p>\n\n\n\n<p>El reacondicionamiento del edificio incluy\u00f3 la adaptaci\u00f3n de varias piezas para transformarlas en espacios de hospedaje c\u00f3modos y accesibles. Esta iniciativa busca atender las necesidades de aquellos socios que deben trasladarse a la capital departamental por razones laborales, de salud o personales, garantizando un lugar seguro y adecuado para su estad\u00eda.<\/p>\n\n\n\n<p>Este avance responde a una demanda hist\u00f3rica de los afiliados del interior, quienes enfrentaban importantes dificultades log\u00edsticas y econ\u00f3micas al tener que viajar a la ciudad de Rocha. <\/p>\n\n\n\n<p>ADEOM reafirma su compromiso de trabajar por la igualdad de condiciones para todos los trabajadores municipales, promoviendo su bienestar y acceso a servicios esenciales. Bajo la conducci\u00f3n de H\u00e9ctor Pereyra Chury, nuestro sindicato ha dado un paso clave en la construcci\u00f3n de un futuro m\u00e1s justo para todos sus socios, marcando un precedente de compromiso y acci\u00f3n concreta en la mejora de la calidad de vida de los trabajadores municipales.<\/p>\n\n\n\n<figure class=\"wp-block-gallery has-nested-images columns-default is-cropped wp-block-gallery-1 is-layout-flex wp-block-gallery-is-layout-flex\">\n<figure class=\"wp-block-image size-large\"><a href=\"https:\/\/www.adeomrocha.com.uy\/wp-content\/uploads\/2024\/12\/ade7.jpg\"><img loading=\"lazy\" decoding=\"async\" width=\"600\" height=\"710\" data-id=\"2750\" src=\"https:\/\/www.adeomrocha.com.uy\/wp-content\/uploads\/2024\/12\/ade7.jpg\" alt=\"\" class=\"wp-image-2750\" srcset=\"http:\/\/www.adeomrocha.com.uy\/wp-content\/uploads\/2024\/12\/ade7.jpg 600w, http:\/\/www.adeomrocha.com.uy\/wp-content\/uploads\/2024\/12\/ade7-254x300.jpg 254w\" sizes=\"auto, (max-width: 600px) 100vw, 600px\" \/><\/a><\/figure>\n\n\n\n<figure class=\"wp-block-image size-large\"><a href=\"https:\/\/www.adeomrocha.com.uy\/wp-content\/uploads\/2024\/12\/ade4.jpg\"><img loading=\"lazy\" decoding=\"async\" width=\"600\" height=\"585\" data-id=\"2749\" src=\"https:\/\/www.adeomrocha.com.uy\/wp-content\/uploads\/2024\/12\/ade4.jpg\" alt=\"\" class=\"wp-image-2749\" srcset=\"http:\/\/www.adeomrocha.com.uy\/wp-content\/uploads\/2024\/12\/ade4.jpg 600w, http:\/\/www.adeomrocha.com.uy\/wp-content\/uploads\/2024\/12\/ade4-300x293.jpg 300w\" sizes=\"auto, (max-width: 600px) 100vw, 600px\" \/><\/a><\/figure>\n<\/figure>\n","protected":false},"excerpt":{"rendered":"<p>La Asociaci\u00f3n de Empleados y Obreros Municipales de Rocha (ADEOM) celebra, hoy jueves 19 de diciembre, un hito significativo en beneficio de nuestros afiliados con la inauguraci\u00f3n de una residencia destinada a socios provenientes del interior del departamento. Este importante logro fue posible gracias al proyecto de restauraci\u00f3n integral de la sede ubicada en la [&hellip;]<\/p>\n","protected":false},"author":1,"featured_media":2748,"comment_status":"open","ping_status":"open","sticky":false,"template":"","format":"standard","meta":{"footnotes":""},"categories":[2],"tags":[],"class_list":["post-2747","post","type-post","status-publish","format-standard","has-post-thumbnail","hentry","category-informacion-general"],"_links":{"self":[{"href":"http:\/\/www.adeomrocha.com.uy\/index.php?rest_route=\/wp\/v2\/posts\/2747","targetHints":{"allow":["GET"]}}],"collection":[{"href":"http:\/\/www.adeomrocha.com.uy\/index.php?rest_route=\/wp\/v2\/posts"}],"about":[{"href":"http:\/\/www.adeomrocha.com.uy\/index.php?rest_route=\/wp\/v2\/types\/post"}],"author":[{"embeddable":true,"href":"http:\/\/www.adeomrocha.com.uy\/index.php?rest_route=\/wp\/v2\/users\/1"}],"replies":[{"embeddable":true,"href":"http:\/\/www.adeomrocha.com.uy\/index.php?rest_route=%2Fwp%2Fv2%2Fcomments&post=2747"}],"version-history":[{"count":1,"href":"http:\/\/www.adeomrocha.com.uy\/index.php?rest_route=\/wp\/v2\/posts\/2747\/revisions"}],"predecessor-version":[{"id":2751,"href":"http:\/\/www.adeomrocha.com.uy\/index.php?rest_route=\/wp\/v2\/posts\/2747\/revisions\/2751"}],"wp:featuredmedia":[{"embeddable":true,"href":"http:\/\/www.adeomrocha.com.uy\/index.php?rest_route=\/wp\/v2\/media\/2748"}],"wp:attachment":[{"href":"http:\/\/www.adeomrocha.com.uy\/index.php?rest_route=%2Fwp%2Fv2%2Fmedia&parent=2747"}],"wp:term":[{"taxonomy":"category","embeddable":true,"href":"http:\/\/www.adeomrocha.com.uy\/index.php?rest_route=%2Fwp%2Fv2%2Fcategories&post=2747"},{"taxonomy":"post_tag","embeddable":true,"href":"http:\/\/www.adeomrocha.com.uy\/index.php?rest_route=%2Fwp%2Fv2%2Ftags&post=2747"}],"curies":[{"name":"wp","href":"https:\/\/api.w.org\/{rel}","templated":true}]}}