{"id":2666,"date":"2024-08-12T13:54:16","date_gmt":"2024-08-12T13:54:16","guid":{"rendered":"https:\/\/www.adeomrocha.com.uy\/?p=2666"},"modified":"2024-08-12T13:54:16","modified_gmt":"2024-08-12T13:54:16","slug":"comenzo-el-periodo-de-inscripciones-concurso-de-ascenso-2024","status":"publish","type":"post","link":"http:\/\/www.adeomrocha.com.uy\/?p=2666","title":{"rendered":"COMENZ\u00d3 EL PERIODO DE INSCRIPCIONES CONCURSO DE ASCENSO 2024"},"content":{"rendered":"\n<p>Este lunes 12 comenzar\u00e1n en las inscripciones para los concursos de ascenso de funcionarios presupuestados de la Intendencia de Rocha. Las inscripciones van hasta el 26 de agosto inclusive.<\/p>\n\n\n\n<p>En la capital departamental en las instalaciones del centro cultural Mar\u00eda Elida Marquizo, en el horario de 10 a 16 hrs habr\u00e1 una mesa inscriptora.<\/p>\n\n\n\n<p>En la jornada del viernes 9 de agosto se definieron varios aspectos de esta nueva etapa en un encuentro realizado entre representantes de la Direcci\u00f3n de Gesti\u00f3n Humana, Comisi\u00f3n de Carrera Funcional e integrantes de ADEOM Rocha.<\/p>\n\n\n\n<figure class=\"wp-block-gallery has-nested-images columns-default is-cropped wp-block-gallery-1 is-layout-flex wp-block-gallery-is-layout-flex\">\n<figure class=\"wp-block-image size-large\"><a href=\"https:\/\/www.adeomrocha.com.uy\/wp-content\/uploads\/2024\/08\/34214479-35c8-4270-a14f-9602ffc0f254.jpeg\"><img loading=\"lazy\" decoding=\"async\" width=\"1024\" height=\"771\" data-id=\"2671\" src=\"https:\/\/www.adeomrocha.com.uy\/wp-content\/uploads\/2024\/08\/34214479-35c8-4270-a14f-9602ffc0f254-1024x771.jpeg\" alt=\"\" class=\"wp-image-2671\" srcset=\"http:\/\/www.adeomrocha.com.uy\/wp-content\/uploads\/2024\/08\/34214479-35c8-4270-a14f-9602ffc0f254-1024x771.jpeg 1024w, http:\/\/www.adeomrocha.com.uy\/wp-content\/uploads\/2024\/08\/34214479-35c8-4270-a14f-9602ffc0f254-300x226.jpeg 300w, http:\/\/www.adeomrocha.com.uy\/wp-content\/uploads\/2024\/08\/34214479-35c8-4270-a14f-9602ffc0f254-768x578.jpeg 768w, http:\/\/www.adeomrocha.com.uy\/wp-content\/uploads\/2024\/08\/34214479-35c8-4270-a14f-9602ffc0f254-1536x1156.jpeg 1536w, http:\/\/www.adeomrocha.com.uy\/wp-content\/uploads\/2024\/08\/34214479-35c8-4270-a14f-9602ffc0f254.jpeg 1600w\" sizes=\"auto, (max-width: 1024px) 100vw, 1024px\" \/><\/a><\/figure>\n\n\n\n<figure class=\"wp-block-image size-large\"><a href=\"https:\/\/www.adeomrocha.com.uy\/wp-content\/uploads\/2024\/08\/9ab96570-6d30-419c-97f0-7c9c34aeab9d.jpeg\"><img loading=\"lazy\" decoding=\"async\" width=\"1024\" height=\"771\" data-id=\"2669\" src=\"https:\/\/www.adeomrocha.com.uy\/wp-content\/uploads\/2024\/08\/9ab96570-6d30-419c-97f0-7c9c34aeab9d-1024x771.jpeg\" alt=\"\" class=\"wp-image-2669\" srcset=\"http:\/\/www.adeomrocha.com.uy\/wp-content\/uploads\/2024\/08\/9ab96570-6d30-419c-97f0-7c9c34aeab9d-1024x771.jpeg 1024w, http:\/\/www.adeomrocha.com.uy\/wp-content\/uploads\/2024\/08\/9ab96570-6d30-419c-97f0-7c9c34aeab9d-300x226.jpeg 300w, http:\/\/www.adeomrocha.com.uy\/wp-content\/uploads\/2024\/08\/9ab96570-6d30-419c-97f0-7c9c34aeab9d-768x578.jpeg 768w, http:\/\/www.adeomrocha.com.uy\/wp-content\/uploads\/2024\/08\/9ab96570-6d30-419c-97f0-7c9c34aeab9d-1536x1156.jpeg 1536w, http:\/\/www.adeomrocha.com.uy\/wp-content\/uploads\/2024\/08\/9ab96570-6d30-419c-97f0-7c9c34aeab9d.jpeg 1600w\" sizes=\"auto, (max-width: 1024px) 100vw, 1024px\" \/><\/a><\/figure>\n\n\n\n<figure class=\"wp-block-image size-large\"><a href=\"https:\/\/www.adeomrocha.com.uy\/wp-content\/uploads\/2024\/08\/9b0bbb77-7012-42cc-ada1-1d48c56d0a6f.jpeg\"><img loading=\"lazy\" decoding=\"async\" width=\"1024\" height=\"771\" data-id=\"2672\" src=\"https:\/\/www.adeomrocha.com.uy\/wp-content\/uploads\/2024\/08\/9b0bbb77-7012-42cc-ada1-1d48c56d0a6f-1024x771.jpeg\" alt=\"\" class=\"wp-image-2672\" srcset=\"http:\/\/www.adeomrocha.com.uy\/wp-content\/uploads\/2024\/08\/9b0bbb77-7012-42cc-ada1-1d48c56d0a6f-1024x771.jpeg 1024w, http:\/\/www.adeomrocha.com.uy\/wp-content\/uploads\/2024\/08\/9b0bbb77-7012-42cc-ada1-1d48c56d0a6f-300x226.jpeg 300w, http:\/\/www.adeomrocha.com.uy\/wp-content\/uploads\/2024\/08\/9b0bbb77-7012-42cc-ada1-1d48c56d0a6f-768x578.jpeg 768w, http:\/\/www.adeomrocha.com.uy\/wp-content\/uploads\/2024\/08\/9b0bbb77-7012-42cc-ada1-1d48c56d0a6f-1536x1156.jpeg 1536w, http:\/\/www.adeomrocha.com.uy\/wp-content\/uploads\/2024\/08\/9b0bbb77-7012-42cc-ada1-1d48c56d0a6f.jpeg 1600w\" sizes=\"auto, (max-width: 1024px) 100vw, 1024px\" \/><\/a><\/figure>\n\n\n\n<figure class=\"wp-block-image size-large\"><a href=\"https:\/\/www.adeomrocha.com.uy\/wp-content\/uploads\/2024\/08\/18585864-5987-4aa7-be8b-d251491b8576.jpeg\"><img loading=\"lazy\" decoding=\"async\" width=\"1024\" height=\"771\" data-id=\"2670\" src=\"https:\/\/www.adeomrocha.com.uy\/wp-content\/uploads\/2024\/08\/18585864-5987-4aa7-be8b-d251491b8576-1024x771.jpeg\" alt=\"\" class=\"wp-image-2670\" srcset=\"http:\/\/www.adeomrocha.com.uy\/wp-content\/uploads\/2024\/08\/18585864-5987-4aa7-be8b-d251491b8576-1024x771.jpeg 1024w, http:\/\/www.adeomrocha.com.uy\/wp-content\/uploads\/2024\/08\/18585864-5987-4aa7-be8b-d251491b8576-300x226.jpeg 300w, http:\/\/www.adeomrocha.com.uy\/wp-content\/uploads\/2024\/08\/18585864-5987-4aa7-be8b-d251491b8576-768x578.jpeg 768w, http:\/\/www.adeomrocha.com.uy\/wp-content\/uploads\/2024\/08\/18585864-5987-4aa7-be8b-d251491b8576-1536x1156.jpeg 1536w, http:\/\/www.adeomrocha.com.uy\/wp-content\/uploads\/2024\/08\/18585864-5987-4aa7-be8b-d251491b8576.jpeg 1600w\" sizes=\"auto, (max-width: 1024px) 100vw, 1024px\" \/><\/a><\/figure>\n<\/figure>\n\n\n\n<p><\/p>\n","protected":false},"excerpt":{"rendered":"<p>Este lunes 12 comenzar\u00e1n en las inscripciones para los concursos de ascenso de funcionarios presupuestados de la Intendencia de Rocha. Las inscripciones van hasta el 26 de agosto inclusive. En la capital departamental en las instalaciones del centro cultural Mar\u00eda Elida Marquizo, en el horario de 10 a 16 hrs habr\u00e1 una mesa inscriptora. En [&hellip;]<\/p>\n","protected":false},"author":1,"featured_media":2667,"comment_status":"open","ping_status":"open","sticky":false,"template":"","format":"standard","meta":{"footnotes":""},"categories":[2],"tags":[],"class_list":["post-2666","post","type-post","status-publish","format-standard","has-post-thumbnail","hentry","category-informacion-general"],"_links":{"self":[{"href":"http:\/\/www.adeomrocha.com.uy\/index.php?rest_route=\/wp\/v2\/posts\/2666","targetHints":{"allow":["GET"]}}],"collection":[{"href":"http:\/\/www.adeomrocha.com.uy\/index.php?rest_route=\/wp\/v2\/posts"}],"about":[{"href":"http:\/\/www.adeomrocha.com.uy\/index.php?rest_route=\/wp\/v2\/types\/post"}],"author":[{"embeddable":true,"href":"http:\/\/www.adeomrocha.com.uy\/index.php?rest_route=\/wp\/v2\/users\/1"}],"replies":[{"embeddable":true,"href":"http:\/\/www.adeomrocha.com.uy\/index.php?rest_route=%2Fwp%2Fv2%2Fcomments&post=2666"}],"version-history":[{"count":1,"href":"http:\/\/www.adeomrocha.com.uy\/index.php?rest_route=\/wp\/v2\/posts\/2666\/revisions"}],"predecessor-version":[{"id":2673,"href":"http:\/\/www.adeomrocha.com.uy\/index.php?rest_route=\/wp\/v2\/posts\/2666\/revisions\/2673"}],"wp:featuredmedia":[{"embeddable":true,"href":"http:\/\/www.adeomrocha.com.uy\/index.php?rest_route=\/wp\/v2\/media\/2667"}],"wp:attachment":[{"href":"http:\/\/www.adeomrocha.com.uy\/index.php?rest_route=%2Fwp%2Fv2%2Fmedia&parent=2666"}],"wp:term":[{"taxonomy":"category","embeddable":true,"href":"http:\/\/www.adeomrocha.com.uy\/index.php?rest_route=%2Fwp%2Fv2%2Fcategories&post=2666"},{"taxonomy":"post_tag","embeddable":true,"href":"http:\/\/www.adeomrocha.com.uy\/index.php?rest_route=%2Fwp%2Fv2%2Ftags&post=2666"}],"curies":[{"name":"wp","href":"https:\/\/api.w.org\/{rel}","templated":true}]}}