{"id":2560,"date":"2024-07-25T22:39:51","date_gmt":"2024-07-25T22:39:51","guid":{"rendered":"https:\/\/www.adeomrocha.com.uy\/?p=2560"},"modified":"2024-07-25T22:42:06","modified_gmt":"2024-07-25T22:42:06","slug":"en-agosto-se-abre-el-periodo-de-inscripciones-para-los-concursos-de-ascenso","status":"publish","type":"post","link":"http:\/\/www.adeomrocha.com.uy\/?p=2560","title":{"rendered":"En agosto se abre el periodo de inscripciones para los concursos de ascenso"},"content":{"rendered":"\n<p>Desde el 5 y hasta el 19 de agosto de 2024, se realizar\u00e1 el per\u00edodo de inscripci\u00f3n para los concursos de ascensos de funcionarios presupuestados de la Intendencia de Rocha. El Departamento de Planificaci\u00f3n y Desarrollo de la Divisi\u00f3n Gesti\u00f3n Humana, ser\u00e1 el encargado de fijar d\u00edas, lugares y horarios de inscripci\u00f3n para cada Municipio, Junta Local y Oficina Central de la Intendencia de Rocha.<\/p>\n\n\n\n<p>Recomendamos estar atentos a nuestra web y redes sociales oficiales para conocer m\u00e1s informaci\u00f3n sobre este tema. <\/p>\n\n\n\n<p><\/p>\n","protected":false},"excerpt":{"rendered":"<p>Desde el 5 y hasta el 19 de agosto de 2024, se realizar\u00e1 el per\u00edodo de inscripci\u00f3n para los concursos de ascensos de funcionarios presupuestados de la Intendencia de Rocha. El Departamento de Planificaci\u00f3n y Desarrollo de la Divisi\u00f3n Gesti\u00f3n Humana, ser\u00e1 el encargado de fijar d\u00edas, lugares y horarios de inscripci\u00f3n para cada Municipio, [&hellip;]<\/p>\n","protected":false},"author":1,"featured_media":2563,"comment_status":"open","ping_status":"open","sticky":false,"template":"","format":"standard","meta":{"footnotes":""},"categories":[2],"tags":[],"class_list":["post-2560","post","type-post","status-publish","format-standard","has-post-thumbnail","hentry","category-informacion-general"],"_links":{"self":[{"href":"http:\/\/www.adeomrocha.com.uy\/index.php?rest_route=\/wp\/v2\/posts\/2560","targetHints":{"allow":["GET"]}}],"collection":[{"href":"http:\/\/www.adeomrocha.com.uy\/index.php?rest_route=\/wp\/v2\/posts"}],"about":[{"href":"http:\/\/www.adeomrocha.com.uy\/index.php?rest_route=\/wp\/v2\/types\/post"}],"author":[{"embeddable":true,"href":"http:\/\/www.adeomrocha.com.uy\/index.php?rest_route=\/wp\/v2\/users\/1"}],"replies":[{"embeddable":true,"href":"http:\/\/www.adeomrocha.com.uy\/index.php?rest_route=%2Fwp%2Fv2%2Fcomments&post=2560"}],"version-history":[{"count":1,"href":"http:\/\/www.adeomrocha.com.uy\/index.php?rest_route=\/wp\/v2\/posts\/2560\/revisions"}],"predecessor-version":[{"id":2562,"href":"http:\/\/www.adeomrocha.com.uy\/index.php?rest_route=\/wp\/v2\/posts\/2560\/revisions\/2562"}],"wp:featuredmedia":[{"embeddable":true,"href":"http:\/\/www.adeomrocha.com.uy\/index.php?rest_route=\/wp\/v2\/media\/2563"}],"wp:attachment":[{"href":"http:\/\/www.adeomrocha.com.uy\/index.php?rest_route=%2Fwp%2Fv2%2Fmedia&parent=2560"}],"wp:term":[{"taxonomy":"category","embeddable":true,"href":"http:\/\/www.adeomrocha.com.uy\/index.php?rest_route=%2Fwp%2Fv2%2Fcategories&post=2560"},{"taxonomy":"post_tag","embeddable":true,"href":"http:\/\/www.adeomrocha.com.uy\/index.php?rest_route=%2Fwp%2Fv2%2Ftags&post=2560"}],"curies":[{"name":"wp","href":"https:\/\/api.w.org\/{rel}","templated":true}]}}