{"id":2528,"date":"2024-04-17T18:03:02","date_gmt":"2024-04-17T18:03:02","guid":{"rendered":"https:\/\/www.adeomrocha.com.uy\/?p=2528"},"modified":"2024-04-17T18:03:02","modified_gmt":"2024-04-17T18:03:02","slug":"adeom-rocha-acompanara-el-paro-contra-el-nuevo-regimen-de-licencias-medicas","status":"publish","type":"post","link":"http:\/\/www.adeomrocha.com.uy\/?p=2528","title":{"rendered":"ADEOM Rocha acompa\u00f1ar\u00e1 el paro contra el Nuevo R\u00e9gimen de Licencias M\u00e9dicas"},"content":{"rendered":"\n<p><strong>Este jueves habr\u00e1 un paro de 24 horas de la Confederaci\u00f3n de Organizaciones de Funcionarios del Estado (COFE) en protesta contra el nuevo r\u00e9gimen de licencias m\u00e9dicas que aprob\u00f3 el gobierno<\/strong>. Durante la jornada habr\u00e1 una concentraci\u00f3n frente a la sede del Ministerio de Econom\u00eda y Finanzas, en Montevideo.<\/p>\n\n\n\n<p> <\/p>\n","protected":false},"excerpt":{"rendered":"<p>Este jueves habr\u00e1 un paro de 24 horas de la Confederaci\u00f3n de Organizaciones de Funcionarios del Estado (COFE) en protesta contra el nuevo r\u00e9gimen de licencias m\u00e9dicas que aprob\u00f3 el gobierno. Durante la jornada habr\u00e1 una concentraci\u00f3n frente a la sede del Ministerio de Econom\u00eda y Finanzas, en Montevideo.<\/p>\n","protected":false},"author":1,"featured_media":2529,"comment_status":"open","ping_status":"open","sticky":true,"template":"","format":"standard","meta":{"footnotes":""},"categories":[2],"tags":[],"class_list":["post-2528","post","type-post","status-publish","format-standard","has-post-thumbnail","hentry","category-informacion-general"],"_links":{"self":[{"href":"http:\/\/www.adeomrocha.com.uy\/index.php?rest_route=\/wp\/v2\/posts\/2528","targetHints":{"allow":["GET"]}}],"collection":[{"href":"http:\/\/www.adeomrocha.com.uy\/index.php?rest_route=\/wp\/v2\/posts"}],"about":[{"href":"http:\/\/www.adeomrocha.com.uy\/index.php?rest_route=\/wp\/v2\/types\/post"}],"author":[{"embeddable":true,"href":"http:\/\/www.adeomrocha.com.uy\/index.php?rest_route=\/wp\/v2\/users\/1"}],"replies":[{"embeddable":true,"href":"http:\/\/www.adeomrocha.com.uy\/index.php?rest_route=%2Fwp%2Fv2%2Fcomments&post=2528"}],"version-history":[{"count":1,"href":"http:\/\/www.adeomrocha.com.uy\/index.php?rest_route=\/wp\/v2\/posts\/2528\/revisions"}],"predecessor-version":[{"id":2530,"href":"http:\/\/www.adeomrocha.com.uy\/index.php?rest_route=\/wp\/v2\/posts\/2528\/revisions\/2530"}],"wp:featuredmedia":[{"embeddable":true,"href":"http:\/\/www.adeomrocha.com.uy\/index.php?rest_route=\/wp\/v2\/media\/2529"}],"wp:attachment":[{"href":"http:\/\/www.adeomrocha.com.uy\/index.php?rest_route=%2Fwp%2Fv2%2Fmedia&parent=2528"}],"wp:term":[{"taxonomy":"category","embeddable":true,"href":"http:\/\/www.adeomrocha.com.uy\/index.php?rest_route=%2Fwp%2Fv2%2Fcategories&post=2528"},{"taxonomy":"post_tag","embeddable":true,"href":"http:\/\/www.adeomrocha.com.uy\/index.php?rest_route=%2Fwp%2Fv2%2Ftags&post=2528"}],"curies":[{"name":"wp","href":"https:\/\/api.w.org\/{rel}","templated":true}]}}