{"id":2526,"date":"2024-04-15T18:07:03","date_gmt":"2024-04-15T18:07:03","guid":{"rendered":"https:\/\/www.adeomrocha.com.uy\/?p=2526"},"modified":"2024-04-15T18:07:03","modified_gmt":"2024-04-15T18:07:03","slug":"el-23-de-abril-habra-asueto-municipal","status":"publish","type":"post","link":"http:\/\/www.adeomrocha.com.uy\/?p=2526","title":{"rendered":"El 23 de abril habr\u00e1 asueto municipal"},"content":{"rendered":"\n<p>En las \u00faltimas horas el intendente de Rocha, firm\u00f3 una resoluci\u00f3n (1003\/24) en la cual se establece que el asueto que correspond\u00eda al 24 de abril con motivo de la celebraci\u00f3n del D\u00eda de los Municipios de Am\u00e9rica \u00bb atendiendo razones de servicio\u00bb se pase para el 23 de abril.<\/p>\n\n\n\n<p>El d\u00eda mi\u00e9rcoles 24 de abril se trabajar\u00e1 en forma normal.<\/p>\n","protected":false},"excerpt":{"rendered":"<p>En las \u00faltimas horas el intendente de Rocha, firm\u00f3 una resoluci\u00f3n (1003\/24) en la cual se establece que el asueto que correspond\u00eda al 24 de abril con motivo de la celebraci\u00f3n del D\u00eda de los Municipios de Am\u00e9rica \u00bb atendiendo razones de servicio\u00bb se pase para el 23 de abril. El d\u00eda mi\u00e9rcoles 24 de [&hellip;]<\/p>\n","protected":false},"author":1,"featured_media":1983,"comment_status":"open","ping_status":"open","sticky":true,"template":"","format":"standard","meta":{"footnotes":""},"categories":[2],"tags":[],"class_list":["post-2526","post","type-post","status-publish","format-standard","has-post-thumbnail","hentry","category-informacion-general"],"_links":{"self":[{"href":"http:\/\/www.adeomrocha.com.uy\/index.php?rest_route=\/wp\/v2\/posts\/2526","targetHints":{"allow":["GET"]}}],"collection":[{"href":"http:\/\/www.adeomrocha.com.uy\/index.php?rest_route=\/wp\/v2\/posts"}],"about":[{"href":"http:\/\/www.adeomrocha.com.uy\/index.php?rest_route=\/wp\/v2\/types\/post"}],"author":[{"embeddable":true,"href":"http:\/\/www.adeomrocha.com.uy\/index.php?rest_route=\/wp\/v2\/users\/1"}],"replies":[{"embeddable":true,"href":"http:\/\/www.adeomrocha.com.uy\/index.php?rest_route=%2Fwp%2Fv2%2Fcomments&post=2526"}],"version-history":[{"count":1,"href":"http:\/\/www.adeomrocha.com.uy\/index.php?rest_route=\/wp\/v2\/posts\/2526\/revisions"}],"predecessor-version":[{"id":2527,"href":"http:\/\/www.adeomrocha.com.uy\/index.php?rest_route=\/wp\/v2\/posts\/2526\/revisions\/2527"}],"wp:featuredmedia":[{"embeddable":true,"href":"http:\/\/www.adeomrocha.com.uy\/index.php?rest_route=\/wp\/v2\/media\/1983"}],"wp:attachment":[{"href":"http:\/\/www.adeomrocha.com.uy\/index.php?rest_route=%2Fwp%2Fv2%2Fmedia&parent=2526"}],"wp:term":[{"taxonomy":"category","embeddable":true,"href":"http:\/\/www.adeomrocha.com.uy\/index.php?rest_route=%2Fwp%2Fv2%2Fcategories&post=2526"},{"taxonomy":"post_tag","embeddable":true,"href":"http:\/\/www.adeomrocha.com.uy\/index.php?rest_route=%2Fwp%2Fv2%2Ftags&post=2526"}],"curies":[{"name":"wp","href":"https:\/\/api.w.org\/{rel}","templated":true}]}}