{"id":2505,"date":"2024-03-08T03:05:58","date_gmt":"2024-03-08T03:05:58","guid":{"rendered":"https:\/\/www.adeomrocha.com.uy\/?p=2505"},"modified":"2024-03-08T03:05:58","modified_gmt":"2024-03-08T03:05:58","slug":"8m-ni-un-derecho-menos","status":"publish","type":"post","link":"http:\/\/www.adeomrocha.com.uy\/?p=2505","title":{"rendered":"8M: \u00abNI UN DERECHO MENOS\u00bb"},"content":{"rendered":"\n<p>La directiva de ADEOM Rocha en el marco del D\u00eda Internacional de la Mujer hace llegar a cada una de las mujeres de nuestro departamento el m\u00e1s c\u00e1lido y cordial saludo en ocasi\u00f3n de la celebraci\u00f3n este 8 de marzo del \u201c D\u00eda Internacional de la Mujer\u201d , fecha de conmemoraci\u00f3n del terrible suceso que se produjo en 1911. Un incendio en una f\u00e1brica de Nueva York que acab\u00f3 con la vida de m\u00e1s de 140 trabajadores, la mayor\u00eda de ellos mujeres, desde el a\u00f1o 1911 en adelante, hubo varias movilizaciones tanto a nivel nacional como internacional, todas a favor por la lucha de la igualdad y en 1975 la ONU oficializ\u00f3 la fecha del 8 de marzo como D\u00eda Internacional de la Mujer.<\/p>\n\n\n\n<p>Desde ADEOM Rocha invitamos a la reflexi\u00f3n en el tema, rechazando toda forma de violencia, desigualdad o vulnerabilidad pol\u00edtica, econ\u00f3mica y social relacionada con las mismas, para lograr una sociedad m\u00e1s justa donde las mujeres cuenten con los mismos derechos, deberes y oportunidades que cualquier individuo, esta es y ser\u00e1 siempre la lucha de todo trabajadores organizado.<\/p>\n","protected":false},"excerpt":{"rendered":"<p>La directiva de ADEOM Rocha en el marco del D\u00eda Internacional de la Mujer hace llegar a cada una de las mujeres de nuestro departamento el m\u00e1s c\u00e1lido y cordial saludo en ocasi\u00f3n de la celebraci\u00f3n este 8 de marzo del \u201c D\u00eda Internacional de la Mujer\u201d , fecha de conmemoraci\u00f3n del terrible suceso que [&hellip;]<\/p>\n","protected":false},"author":1,"featured_media":2506,"comment_status":"open","ping_status":"open","sticky":true,"template":"","format":"standard","meta":{"footnotes":""},"categories":[2],"tags":[],"class_list":["post-2505","post","type-post","status-publish","format-standard","has-post-thumbnail","hentry","category-informacion-general"],"_links":{"self":[{"href":"http:\/\/www.adeomrocha.com.uy\/index.php?rest_route=\/wp\/v2\/posts\/2505","targetHints":{"allow":["GET"]}}],"collection":[{"href":"http:\/\/www.adeomrocha.com.uy\/index.php?rest_route=\/wp\/v2\/posts"}],"about":[{"href":"http:\/\/www.adeomrocha.com.uy\/index.php?rest_route=\/wp\/v2\/types\/post"}],"author":[{"embeddable":true,"href":"http:\/\/www.adeomrocha.com.uy\/index.php?rest_route=\/wp\/v2\/users\/1"}],"replies":[{"embeddable":true,"href":"http:\/\/www.adeomrocha.com.uy\/index.php?rest_route=%2Fwp%2Fv2%2Fcomments&post=2505"}],"version-history":[{"count":1,"href":"http:\/\/www.adeomrocha.com.uy\/index.php?rest_route=\/wp\/v2\/posts\/2505\/revisions"}],"predecessor-version":[{"id":2507,"href":"http:\/\/www.adeomrocha.com.uy\/index.php?rest_route=\/wp\/v2\/posts\/2505\/revisions\/2507"}],"wp:featuredmedia":[{"embeddable":true,"href":"http:\/\/www.adeomrocha.com.uy\/index.php?rest_route=\/wp\/v2\/media\/2506"}],"wp:attachment":[{"href":"http:\/\/www.adeomrocha.com.uy\/index.php?rest_route=%2Fwp%2Fv2%2Fmedia&parent=2505"}],"wp:term":[{"taxonomy":"category","embeddable":true,"href":"http:\/\/www.adeomrocha.com.uy\/index.php?rest_route=%2Fwp%2Fv2%2Fcategories&post=2505"},{"taxonomy":"post_tag","embeddable":true,"href":"http:\/\/www.adeomrocha.com.uy\/index.php?rest_route=%2Fwp%2Fv2%2Ftags&post=2505"}],"curies":[{"name":"wp","href":"https:\/\/api.w.org\/{rel}","templated":true}]}}