{"id":2408,"date":"2023-10-22T21:57:35","date_gmt":"2023-10-22T21:57:35","guid":{"rendered":"https:\/\/www.adeomrocha.com.uy\/?p=2408"},"modified":"2023-10-22T22:00:36","modified_gmt":"2023-10-22T22:00:36","slug":"se-conmemora-el-dia-nacional-del-periodista","status":"publish","type":"post","link":"http:\/\/www.adeomrocha.com.uy\/?p=2408","title":{"rendered":"Se conmemora el D\u00eda Nacional del Periodista del Trabajador de los Medios de Comunicaci\u00f3n en Uruguay."},"content":{"rendered":"\n<p>Con el D\u00eda del Periodista y del Trabajador de los Medios de Comunicaci\u00f3n se recuerda y resalta la&nbsp;relevancia de esta actividad en la construcci\u00f3n de las democracias, as\u00ed como la&nbsp;responsabilidad social y \u00e9tica&nbsp;que tienen quienes la ejercen.<\/p>\n\n\n\n<p>Desde la Asociaci\u00f3n de Empleados y Obreros Municipales, agradecemos su esfuerzo por ser constante ante la b\u00fasqueda de la verdad y brindar a todos una informaci\u00f3n justa, veraz y real. \u00a1Feliz d\u00eda del periodista y del Trabajador de los Medios de Comunicaci\u00f3n en Uruguay.<\/p>\n","protected":false},"excerpt":{"rendered":"<p>Con el D\u00eda del Periodista y del Trabajador de los Medios de Comunicaci\u00f3n se recuerda y resalta la&nbsp;relevancia de esta actividad en la construcci\u00f3n de las democracias, as\u00ed como la&nbsp;responsabilidad social y \u00e9tica&nbsp;que tienen quienes la ejercen. Desde la Asociaci\u00f3n de Empleados y Obreros Municipales, agradecemos su esfuerzo por ser constante ante la b\u00fasqueda de [&hellip;]<\/p>\n","protected":false},"author":1,"featured_media":2409,"comment_status":"open","ping_status":"open","sticky":true,"template":"","format":"standard","meta":{"footnotes":""},"categories":[2],"tags":[],"class_list":["post-2408","post","type-post","status-publish","format-standard","has-post-thumbnail","hentry","category-informacion-general"],"_links":{"self":[{"href":"http:\/\/www.adeomrocha.com.uy\/index.php?rest_route=\/wp\/v2\/posts\/2408","targetHints":{"allow":["GET"]}}],"collection":[{"href":"http:\/\/www.adeomrocha.com.uy\/index.php?rest_route=\/wp\/v2\/posts"}],"about":[{"href":"http:\/\/www.adeomrocha.com.uy\/index.php?rest_route=\/wp\/v2\/types\/post"}],"author":[{"embeddable":true,"href":"http:\/\/www.adeomrocha.com.uy\/index.php?rest_route=\/wp\/v2\/users\/1"}],"replies":[{"embeddable":true,"href":"http:\/\/www.adeomrocha.com.uy\/index.php?rest_route=%2Fwp%2Fv2%2Fcomments&post=2408"}],"version-history":[{"count":3,"href":"http:\/\/www.adeomrocha.com.uy\/index.php?rest_route=\/wp\/v2\/posts\/2408\/revisions"}],"predecessor-version":[{"id":2412,"href":"http:\/\/www.adeomrocha.com.uy\/index.php?rest_route=\/wp\/v2\/posts\/2408\/revisions\/2412"}],"wp:featuredmedia":[{"embeddable":true,"href":"http:\/\/www.adeomrocha.com.uy\/index.php?rest_route=\/wp\/v2\/media\/2409"}],"wp:attachment":[{"href":"http:\/\/www.adeomrocha.com.uy\/index.php?rest_route=%2Fwp%2Fv2%2Fmedia&parent=2408"}],"wp:term":[{"taxonomy":"category","embeddable":true,"href":"http:\/\/www.adeomrocha.com.uy\/index.php?rest_route=%2Fwp%2Fv2%2Fcategories&post=2408"},{"taxonomy":"post_tag","embeddable":true,"href":"http:\/\/www.adeomrocha.com.uy\/index.php?rest_route=%2Fwp%2Fv2%2Ftags&post=2408"}],"curies":[{"name":"wp","href":"https:\/\/api.w.org\/{rel}","templated":true}]}}