{"id":2378,"date":"2023-08-11T16:44:47","date_gmt":"2023-08-11T16:44:47","guid":{"rendered":"http:\/\/www.adeomrocha.com.uy\/?p=2378"},"modified":"2023-08-11T16:51:12","modified_gmt":"2023-08-11T16:51:12","slug":"ultima-jornada-en-el-mem","status":"publish","type":"post","link":"http:\/\/www.adeomrocha.com.uy\/?p=2378","title":{"rendered":"\u00daLTIMA JORNADA EN EL MEM"},"content":{"rendered":"\n<p>Se est\u00e1 realizando en estos momentos la quinta y \u00faltima jornada de capacitaci\u00f3n y formaci\u00f3n de evaluadores para los pr\u00f3ximos concursos de ascenso a realizarse en la IDR . Actividad que se desarrolla en las instalaciones del centro cultural Mar\u00eda \u00c9lida Marquizo.<br>En dicho encuentro est\u00e1n presentes los evaluadores de las distintas direcciones. Equidad y G\u00e9nero, Registro , Jur\u00eddica, Guardaparques ,Espacios P\u00fablicos, Obras , Higiene, Necr\u00f3polis , Ch\u00f3feres, Vivienda y Bienestar Social, Arquitectura y Talleres.<br><strong>Desde el pr\u00f3ximo lunes 14 de agosto se realizar\u00e1n las evaluaciones que ir\u00e1n hasta el 31 de agosto inclusive. <\/strong><\/p>\n\n\n\n<p>Para m\u00e1s informaci\u00f3n comunicate con nuestro sindicato. <\/p>\n\n\n\n<p>AGUSTIN PERI ENTRE ANSINA Y MONTERROSO \u00b7 27000 \u00b7&nbsp;<em>Rocha<\/em>,&nbsp;<em>Rocha<\/em>, Uruguay \u00b7 Tel: 4472 4667 \u00b7 Whatsapp 099810643 \u00b7 E-Mail: directiva@adeomrocha.com.uy<\/p>\n\n\n\n<figure class=\"wp-block-image size-large\"><a href=\"http:\/\/www.adeomrocha.com.uy\/wp-content\/uploads\/2023\/08\/ULTIMA1.jpg\"><img loading=\"lazy\" decoding=\"async\" width=\"1024\" height=\"576\" src=\"http:\/\/www.adeomrocha.com.uy\/wp-content\/uploads\/2023\/08\/ULTIMA1-1024x576.jpg\" alt=\"\" class=\"wp-image-2380\" srcset=\"http:\/\/www.adeomrocha.com.uy\/wp-content\/uploads\/2023\/08\/ULTIMA1-1024x576.jpg 1024w, http:\/\/www.adeomrocha.com.uy\/wp-content\/uploads\/2023\/08\/ULTIMA1-300x169.jpg 300w, http:\/\/www.adeomrocha.com.uy\/wp-content\/uploads\/2023\/08\/ULTIMA1-768x432.jpg 768w, http:\/\/www.adeomrocha.com.uy\/wp-content\/uploads\/2023\/08\/ULTIMA1-1536x864.jpg 1536w, http:\/\/www.adeomrocha.com.uy\/wp-content\/uploads\/2023\/08\/ULTIMA1.jpg 1600w\" sizes=\"auto, (max-width: 1024px) 100vw, 1024px\" \/><\/a><\/figure>\n","protected":false},"excerpt":{"rendered":"<p>Se est\u00e1 realizando en estos momentos la quinta y \u00faltima jornada de capacitaci\u00f3n y formaci\u00f3n de evaluadores para los pr\u00f3ximos concursos de ascenso a realizarse en la IDR . Actividad que se desarrolla en las instalaciones del centro cultural Mar\u00eda \u00c9lida Marquizo.En dicho encuentro est\u00e1n presentes los evaluadores de las distintas direcciones. Equidad y G\u00e9nero, [&hellip;]<\/p>\n","protected":false},"author":1,"featured_media":2379,"comment_status":"open","ping_status":"open","sticky":true,"template":"","format":"standard","meta":{"footnotes":""},"categories":[2],"tags":[],"class_list":["post-2378","post","type-post","status-publish","format-standard","has-post-thumbnail","hentry","category-informacion-general"],"_links":{"self":[{"href":"http:\/\/www.adeomrocha.com.uy\/index.php?rest_route=\/wp\/v2\/posts\/2378","targetHints":{"allow":["GET"]}}],"collection":[{"href":"http:\/\/www.adeomrocha.com.uy\/index.php?rest_route=\/wp\/v2\/posts"}],"about":[{"href":"http:\/\/www.adeomrocha.com.uy\/index.php?rest_route=\/wp\/v2\/types\/post"}],"author":[{"embeddable":true,"href":"http:\/\/www.adeomrocha.com.uy\/index.php?rest_route=\/wp\/v2\/users\/1"}],"replies":[{"embeddable":true,"href":"http:\/\/www.adeomrocha.com.uy\/index.php?rest_route=%2Fwp%2Fv2%2Fcomments&post=2378"}],"version-history":[{"count":3,"href":"http:\/\/www.adeomrocha.com.uy\/index.php?rest_route=\/wp\/v2\/posts\/2378\/revisions"}],"predecessor-version":[{"id":2383,"href":"http:\/\/www.adeomrocha.com.uy\/index.php?rest_route=\/wp\/v2\/posts\/2378\/revisions\/2383"}],"wp:featuredmedia":[{"embeddable":true,"href":"http:\/\/www.adeomrocha.com.uy\/index.php?rest_route=\/wp\/v2\/media\/2379"}],"wp:attachment":[{"href":"http:\/\/www.adeomrocha.com.uy\/index.php?rest_route=%2Fwp%2Fv2%2Fmedia&parent=2378"}],"wp:term":[{"taxonomy":"category","embeddable":true,"href":"http:\/\/www.adeomrocha.com.uy\/index.php?rest_route=%2Fwp%2Fv2%2Fcategories&post=2378"},{"taxonomy":"post_tag","embeddable":true,"href":"http:\/\/www.adeomrocha.com.uy\/index.php?rest_route=%2Fwp%2Fv2%2Ftags&post=2378"}],"curies":[{"name":"wp","href":"https:\/\/api.w.org\/{rel}","templated":true}]}}