{"id":2371,"date":"2023-08-10T17:10:34","date_gmt":"2023-08-10T17:10:34","guid":{"rendered":"http:\/\/www.adeomrocha.com.uy\/?p=2371"},"modified":"2023-08-10T17:10:34","modified_gmt":"2023-08-10T17:10:34","slug":"cerrando-primera-etapa","status":"publish","type":"post","link":"http:\/\/www.adeomrocha.com.uy\/?p=2371","title":{"rendered":"Cerrando primera etapa"},"content":{"rendered":"\n<p>Se desarrolla durante la jornada de este jueves la cuarta fecha de capacitaci\u00f3n de evaluadores y supervisores en el Centro Cultural de Lascano.  All\u00ed se forman hoy evaluadores de Vel\u00e1zquez, Lascano y Cebollati.<br><strong><em><mark style=\"background-color:rgba(0, 0, 0, 0)\" class=\"has-inline-color has-vivid-red-color\">Pr\u00f3xima etapa de evaluaci\u00f3n se desarrollar\u00e1  en la quincena de agosto del 14 al 31 de Agosto.<\/mark><\/em><\/strong><\/p>\n\n\n\n<figure class=\"wp-block-image size-large\"><a href=\"http:\/\/www.adeomrocha.com.uy\/wp-content\/uploads\/2023\/08\/7777774-1.jpg\"><img loading=\"lazy\" decoding=\"async\" width=\"1024\" height=\"576\" src=\"http:\/\/www.adeomrocha.com.uy\/wp-content\/uploads\/2023\/08\/7777774-1-1024x576.jpg\" alt=\"\" class=\"wp-image-2373\" srcset=\"http:\/\/www.adeomrocha.com.uy\/wp-content\/uploads\/2023\/08\/7777774-1-1024x576.jpg 1024w, http:\/\/www.adeomrocha.com.uy\/wp-content\/uploads\/2023\/08\/7777774-1-300x169.jpg 300w, http:\/\/www.adeomrocha.com.uy\/wp-content\/uploads\/2023\/08\/7777774-1-768x432.jpg 768w, http:\/\/www.adeomrocha.com.uy\/wp-content\/uploads\/2023\/08\/7777774-1-1536x864.jpg 1536w, http:\/\/www.adeomrocha.com.uy\/wp-content\/uploads\/2023\/08\/7777774-1.jpg 1600w\" sizes=\"auto, (max-width: 1024px) 100vw, 1024px\" \/><\/a><\/figure>\n\n\n\n<figure class=\"wp-block-image size-large\"><a href=\"http:\/\/www.adeomrocha.com.uy\/wp-content\/uploads\/2023\/08\/77777.jpg\"><img loading=\"lazy\" decoding=\"async\" width=\"768\" height=\"1024\" src=\"http:\/\/www.adeomrocha.com.uy\/wp-content\/uploads\/2023\/08\/77777-768x1024.jpg\" alt=\"\" class=\"wp-image-2374\" srcset=\"http:\/\/www.adeomrocha.com.uy\/wp-content\/uploads\/2023\/08\/77777-768x1024.jpg 768w, http:\/\/www.adeomrocha.com.uy\/wp-content\/uploads\/2023\/08\/77777-225x300.jpg 225w, http:\/\/www.adeomrocha.com.uy\/wp-content\/uploads\/2023\/08\/77777-1152x1536.jpg 1152w, http:\/\/www.adeomrocha.com.uy\/wp-content\/uploads\/2023\/08\/77777.jpg 1200w\" sizes=\"auto, (max-width: 768px) 100vw, 768px\" \/><\/a><\/figure>\n\n\n\n<figure class=\"wp-block-image size-large\"><a href=\"http:\/\/www.adeomrocha.com.uy\/wp-content\/uploads\/2023\/08\/777777.jpg\"><img loading=\"lazy\" decoding=\"async\" width=\"768\" height=\"1024\" src=\"http:\/\/www.adeomrocha.com.uy\/wp-content\/uploads\/2023\/08\/777777-768x1024.jpg\" alt=\"\" class=\"wp-image-2375\" srcset=\"http:\/\/www.adeomrocha.com.uy\/wp-content\/uploads\/2023\/08\/777777-768x1024.jpg 768w, http:\/\/www.adeomrocha.com.uy\/wp-content\/uploads\/2023\/08\/777777-225x300.jpg 225w, http:\/\/www.adeomrocha.com.uy\/wp-content\/uploads\/2023\/08\/777777-1152x1536.jpg 1152w, http:\/\/www.adeomrocha.com.uy\/wp-content\/uploads\/2023\/08\/777777.jpg 1200w\" sizes=\"auto, (max-width: 768px) 100vw, 768px\" \/><\/a><\/figure>\n\n\n\n<figure class=\"wp-block-image size-large\"><a href=\"http:\/\/www.adeomrocha.com.uy\/wp-content\/uploads\/2023\/08\/7777777.jpg\"><img loading=\"lazy\" decoding=\"async\" width=\"1024\" height=\"768\" src=\"http:\/\/www.adeomrocha.com.uy\/wp-content\/uploads\/2023\/08\/7777777-1024x768.jpg\" alt=\"\" class=\"wp-image-2376\" srcset=\"http:\/\/www.adeomrocha.com.uy\/wp-content\/uploads\/2023\/08\/7777777-1024x768.jpg 1024w, http:\/\/www.adeomrocha.com.uy\/wp-content\/uploads\/2023\/08\/7777777-300x225.jpg 300w, http:\/\/www.adeomrocha.com.uy\/wp-content\/uploads\/2023\/08\/7777777-768x576.jpg 768w, http:\/\/www.adeomrocha.com.uy\/wp-content\/uploads\/2023\/08\/7777777-1536x1152.jpg 1536w, http:\/\/www.adeomrocha.com.uy\/wp-content\/uploads\/2023\/08\/7777777.jpg 1600w\" sizes=\"auto, (max-width: 1024px) 100vw, 1024px\" \/><\/a><\/figure>\n\n\n","protected":false},"excerpt":{"rendered":"<p>Se desarrolla durante la jornada de este jueves la cuarta fecha de capacitaci\u00f3n de evaluadores y supervisores en el Centro Cultural de Lascano. All\u00ed se forman hoy evaluadores de Vel\u00e1zquez, Lascano y Cebollati.Pr\u00f3xima etapa de evaluaci\u00f3n se desarrollar\u00e1 en la quincena de agosto del 14 al 31 de Agosto.<\/p>\n","protected":false},"author":1,"featured_media":2372,"comment_status":"open","ping_status":"open","sticky":true,"template":"","format":"standard","meta":{"footnotes":""},"categories":[2],"tags":[],"class_list":["post-2371","post","type-post","status-publish","format-standard","has-post-thumbnail","hentry","category-informacion-general"],"_links":{"self":[{"href":"http:\/\/www.adeomrocha.com.uy\/index.php?rest_route=\/wp\/v2\/posts\/2371","targetHints":{"allow":["GET"]}}],"collection":[{"href":"http:\/\/www.adeomrocha.com.uy\/index.php?rest_route=\/wp\/v2\/posts"}],"about":[{"href":"http:\/\/www.adeomrocha.com.uy\/index.php?rest_route=\/wp\/v2\/types\/post"}],"author":[{"embeddable":true,"href":"http:\/\/www.adeomrocha.com.uy\/index.php?rest_route=\/wp\/v2\/users\/1"}],"replies":[{"embeddable":true,"href":"http:\/\/www.adeomrocha.com.uy\/index.php?rest_route=%2Fwp%2Fv2%2Fcomments&post=2371"}],"version-history":[{"count":1,"href":"http:\/\/www.adeomrocha.com.uy\/index.php?rest_route=\/wp\/v2\/posts\/2371\/revisions"}],"predecessor-version":[{"id":2377,"href":"http:\/\/www.adeomrocha.com.uy\/index.php?rest_route=\/wp\/v2\/posts\/2371\/revisions\/2377"}],"wp:featuredmedia":[{"embeddable":true,"href":"http:\/\/www.adeomrocha.com.uy\/index.php?rest_route=\/wp\/v2\/media\/2372"}],"wp:attachment":[{"href":"http:\/\/www.adeomrocha.com.uy\/index.php?rest_route=%2Fwp%2Fv2%2Fmedia&parent=2371"}],"wp:term":[{"taxonomy":"category","embeddable":true,"href":"http:\/\/www.adeomrocha.com.uy\/index.php?rest_route=%2Fwp%2Fv2%2Fcategories&post=2371"},{"taxonomy":"post_tag","embeddable":true,"href":"http:\/\/www.adeomrocha.com.uy\/index.php?rest_route=%2Fwp%2Fv2%2Ftags&post=2371"}],"curies":[{"name":"wp","href":"https:\/\/api.w.org\/{rel}","templated":true}]}}