{"id":2246,"date":"2023-06-07T00:11:34","date_gmt":"2023-06-07T00:11:34","guid":{"rendered":"http:\/\/www.adeomrocha.com.uy\/?p=2246"},"modified":"2023-06-07T00:14:32","modified_gmt":"2023-06-07T00:14:32","slug":"carrera-funcional-horario-y-destino","status":"publish","type":"post","link":"http:\/\/www.adeomrocha.com.uy\/?p=2246","title":{"rendered":"CARRERA FUNCIONAL HORARIO Y DESTINO"},"content":{"rendered":"\n<p>Seguimos avanzando en esta nueva instancia de cara, a lo que ser\u00e1, la Carrera Funcional.<br>Este mi\u00e9rcoles 7 de junio, cerramos el cronograma del interior.<br>Desde las 12 hs, nos encontramos en el el edificio de la Junta Local de Barra de Chuy. Convocamos a participar tanto a operativos como administrativos, para continuar llevando adelante la elecci\u00f3n de representantes en los Tribunales Calificadores del Concurso de Ascenso respectivos, de acuerdo a lo establecido por decreto y en funci\u00f3n a lo dispuesto en el art\u00edculo 12 del r\u00e9gimen de calificaciones.<\/p>\n\n\n\n\n\n\n\n<figure class=\"wp-block-image size-large\"><a href=\"http:\/\/www.adeomrocha.com.uy\/wp-content\/uploads\/2023\/06\/adeom3398976.jpg\"><img loading=\"lazy\" decoding=\"async\" width=\"800\" height=\"366\" src=\"http:\/\/www.adeomrocha.com.uy\/wp-content\/uploads\/2023\/06\/adeom3398976.jpg\" alt=\"\" class=\"wp-image-2248\" srcset=\"http:\/\/www.adeomrocha.com.uy\/wp-content\/uploads\/2023\/06\/adeom3398976.jpg 800w, http:\/\/www.adeomrocha.com.uy\/wp-content\/uploads\/2023\/06\/adeom3398976-300x137.jpg 300w, http:\/\/www.adeomrocha.com.uy\/wp-content\/uploads\/2023\/06\/adeom3398976-768x351.jpg 768w\" sizes=\"auto, (max-width: 800px) 100vw, 800px\" \/><\/a><figcaption>ETAPA LA CORONILLA<\/figcaption><\/figure>\n","protected":false},"excerpt":{"rendered":"<p>Seguimos avanzando en esta nueva instancia de cara, a lo que ser\u00e1, la Carrera Funcional.Este mi\u00e9rcoles 7 de junio, cerramos el cronograma del interior.Desde las 12 hs, nos encontramos en el el edificio de la Junta Local de Barra de Chuy. Convocamos a participar tanto a operativos como administrativos, para continuar llevando adelante la elecci\u00f3n [&hellip;]<\/p>\n","protected":false},"author":1,"featured_media":0,"comment_status":"open","ping_status":"open","sticky":false,"template":"","format":"standard","meta":{"footnotes":""},"categories":[1],"tags":[],"class_list":["post-2246","post","type-post","status-publish","format-standard","hentry","category-sin-categoria"],"_links":{"self":[{"href":"http:\/\/www.adeomrocha.com.uy\/index.php?rest_route=\/wp\/v2\/posts\/2246","targetHints":{"allow":["GET"]}}],"collection":[{"href":"http:\/\/www.adeomrocha.com.uy\/index.php?rest_route=\/wp\/v2\/posts"}],"about":[{"href":"http:\/\/www.adeomrocha.com.uy\/index.php?rest_route=\/wp\/v2\/types\/post"}],"author":[{"embeddable":true,"href":"http:\/\/www.adeomrocha.com.uy\/index.php?rest_route=\/wp\/v2\/users\/1"}],"replies":[{"embeddable":true,"href":"http:\/\/www.adeomrocha.com.uy\/index.php?rest_route=%2Fwp%2Fv2%2Fcomments&post=2246"}],"version-history":[{"count":3,"href":"http:\/\/www.adeomrocha.com.uy\/index.php?rest_route=\/wp\/v2\/posts\/2246\/revisions"}],"predecessor-version":[{"id":2250,"href":"http:\/\/www.adeomrocha.com.uy\/index.php?rest_route=\/wp\/v2\/posts\/2246\/revisions\/2250"}],"wp:attachment":[{"href":"http:\/\/www.adeomrocha.com.uy\/index.php?rest_route=%2Fwp%2Fv2%2Fmedia&parent=2246"}],"wp:term":[{"taxonomy":"category","embeddable":true,"href":"http:\/\/www.adeomrocha.com.uy\/index.php?rest_route=%2Fwp%2Fv2%2Fcategories&post=2246"},{"taxonomy":"post_tag","embeddable":true,"href":"http:\/\/www.adeomrocha.com.uy\/index.php?rest_route=%2Fwp%2Fv2%2Ftags&post=2246"}],"curies":[{"name":"wp","href":"https:\/\/api.w.org\/{rel}","templated":true}]}}