{"id":2220,"date":"2023-06-05T13:57:02","date_gmt":"2023-06-05T13:57:02","guid":{"rendered":"http:\/\/www.adeomrocha.com.uy\/?p=2220"},"modified":"2023-06-05T13:57:02","modified_gmt":"2023-06-05T13:57:02","slug":"toco-velazquez","status":"publish","type":"post","link":"http:\/\/www.adeomrocha.com.uy\/?p=2220","title":{"rendered":"TOC\u00d3 VEL\u00c1ZQUEZ"},"content":{"rendered":"\n<p>Este lunes 5 de junio los municipales de Rocha siguen avanzando en la nueva etapa de la Carrera Funcional<\/p>\n\n\n\n<p>En estos momentos se lleva adelante en el obrador de Vel\u00e1zquez la elecci\u00f3n de representantes en los Tribunales Calificadores del Concurso de Ascenso respectivos, de acuerdo a lo establecido por decreto y en funci\u00f3n a lo dispuesto en el art\u00edculo 12 del r\u00e9gimen de calificaciones.<\/p>\n\n\n\n<p>La urna itinerante estar\u00e1 a las 11.30 hs en la Junta Local de Pueblo 19 de abril.<\/p>\n\n\n\n<figure class=\"wp-block-image size-large\"><a href=\"http:\/\/www.adeomrocha.com.uy\/wp-content\/uploads\/2023\/06\/adeom-velzquez-obrador11.jpg\"><img loading=\"lazy\" decoding=\"async\" width=\"800\" height=\"450\" src=\"http:\/\/www.adeomrocha.com.uy\/wp-content\/uploads\/2023\/06\/adeom-velzquez-obrador11.jpg\" alt=\"\" class=\"wp-image-2221\" srcset=\"http:\/\/www.adeomrocha.com.uy\/wp-content\/uploads\/2023\/06\/adeom-velzquez-obrador11.jpg 800w, http:\/\/www.adeomrocha.com.uy\/wp-content\/uploads\/2023\/06\/adeom-velzquez-obrador11-300x169.jpg 300w, http:\/\/www.adeomrocha.com.uy\/wp-content\/uploads\/2023\/06\/adeom-velzquez-obrador11-768x432.jpg 768w\" sizes=\"auto, (max-width: 800px) 100vw, 800px\" \/><\/a><figcaption>CON LOS COMPA\u00d1EROS EN EL OBRADOR DE VEL\u00c1ZQUEZ.<\/figcaption><\/figure>\n","protected":false},"excerpt":{"rendered":"<p>Este lunes 5 de junio los municipales de Rocha siguen avanzando en la nueva etapa de la Carrera Funcional En estos momentos se lleva adelante en el obrador de Vel\u00e1zquez la elecci\u00f3n de representantes en los Tribunales Calificadores del Concurso de Ascenso respectivos, de acuerdo a lo establecido por decreto y en funci\u00f3n a lo [&hellip;]<\/p>\n","protected":false},"author":1,"featured_media":2222,"comment_status":"open","ping_status":"open","sticky":true,"template":"","format":"standard","meta":{"footnotes":""},"categories":[2],"tags":[],"class_list":["post-2220","post","type-post","status-publish","format-standard","has-post-thumbnail","hentry","category-informacion-general"],"_links":{"self":[{"href":"http:\/\/www.adeomrocha.com.uy\/index.php?rest_route=\/wp\/v2\/posts\/2220","targetHints":{"allow":["GET"]}}],"collection":[{"href":"http:\/\/www.adeomrocha.com.uy\/index.php?rest_route=\/wp\/v2\/posts"}],"about":[{"href":"http:\/\/www.adeomrocha.com.uy\/index.php?rest_route=\/wp\/v2\/types\/post"}],"author":[{"embeddable":true,"href":"http:\/\/www.adeomrocha.com.uy\/index.php?rest_route=\/wp\/v2\/users\/1"}],"replies":[{"embeddable":true,"href":"http:\/\/www.adeomrocha.com.uy\/index.php?rest_route=%2Fwp%2Fv2%2Fcomments&post=2220"}],"version-history":[{"count":1,"href":"http:\/\/www.adeomrocha.com.uy\/index.php?rest_route=\/wp\/v2\/posts\/2220\/revisions"}],"predecessor-version":[{"id":2223,"href":"http:\/\/www.adeomrocha.com.uy\/index.php?rest_route=\/wp\/v2\/posts\/2220\/revisions\/2223"}],"wp:featuredmedia":[{"embeddable":true,"href":"http:\/\/www.adeomrocha.com.uy\/index.php?rest_route=\/wp\/v2\/media\/2222"}],"wp:attachment":[{"href":"http:\/\/www.adeomrocha.com.uy\/index.php?rest_route=%2Fwp%2Fv2%2Fmedia&parent=2220"}],"wp:term":[{"taxonomy":"category","embeddable":true,"href":"http:\/\/www.adeomrocha.com.uy\/index.php?rest_route=%2Fwp%2Fv2%2Fcategories&post=2220"},{"taxonomy":"post_tag","embeddable":true,"href":"http:\/\/www.adeomrocha.com.uy\/index.php?rest_route=%2Fwp%2Fv2%2Ftags&post=2220"}],"curies":[{"name":"wp","href":"https:\/\/api.w.org\/{rel}","templated":true}]}}