{"id":2205,"date":"2023-06-02T16:04:49","date_gmt":"2023-06-02T16:04:49","guid":{"rendered":"http:\/\/www.adeomrocha.com.uy\/?p=2205"},"modified":"2023-06-02T16:52:48","modified_gmt":"2023-06-02T16:52:48","slug":"toco-cebollati","status":"publish","type":"post","link":"http:\/\/www.adeomrocha.com.uy\/?p=2205","title":{"rendered":"TOC\u00d3 CEBOLLAT\u00cd"},"content":{"rendered":"\n<p> Este viernes los municipales de Rocha seguimos avanzando en la nueva etapa de la Carrera Funcional. <\/p>\n\n\n\n<p>En estos momentos nos encontramos en el obrador de Cebollat\u00ed, asamblea de trabajadores. Dentro de unos minutos se llevar\u00e1 adelante la elecci\u00f3n de representantes en los Tribunales Calificadores del Concurso de Ascenso respectivos, de acuerdo a lo establecido por decreto y en funci\u00f3n a lo dispuesto en el art\u00edculo 12 del r\u00e9gimen de calificaciones.<br><\/p>\n\n\n\n<p>En el correr de la tarde estaremos en el edificio de la Alcald\u00eda de Lascano.<\/p>\n\n\n\n<figure class=\"wp-block-image size-large\"><a href=\"http:\/\/www.adeomrocha.com.uy\/wp-content\/uploads\/2023\/06\/01.jpg\"><img loading=\"lazy\" decoding=\"async\" width=\"283\" height=\"600\" src=\"http:\/\/www.adeomrocha.com.uy\/wp-content\/uploads\/2023\/06\/01.jpg\" alt=\"\" class=\"wp-image-2208\" srcset=\"http:\/\/www.adeomrocha.com.uy\/wp-content\/uploads\/2023\/06\/01.jpg 283w, http:\/\/www.adeomrocha.com.uy\/wp-content\/uploads\/2023\/06\/01-142x300.jpg 142w\" sizes=\"auto, (max-width: 283px) 100vw, 283px\" \/><\/a><\/figure>\n\n\n\n<figure class=\"wp-block-image size-large\"><a href=\"http:\/\/www.adeomrocha.com.uy\/wp-content\/uploads\/2023\/06\/004.jpg\"><img loading=\"lazy\" decoding=\"async\" width=\"236\" height=\"500\" src=\"http:\/\/www.adeomrocha.com.uy\/wp-content\/uploads\/2023\/06\/004.jpg\" alt=\"\" class=\"wp-image-2210\" srcset=\"http:\/\/www.adeomrocha.com.uy\/wp-content\/uploads\/2023\/06\/004.jpg 236w, http:\/\/www.adeomrocha.com.uy\/wp-content\/uploads\/2023\/06\/004-142x300.jpg 142w\" sizes=\"auto, (max-width: 236px) 100vw, 236px\" \/><\/a><\/figure>\n\n\n\n<figure class=\"wp-block-image size-large\"><a href=\"http:\/\/www.adeomrocha.com.uy\/wp-content\/uploads\/2023\/06\/005.jpg\"><img loading=\"lazy\" decoding=\"async\" width=\"236\" height=\"500\" src=\"http:\/\/www.adeomrocha.com.uy\/wp-content\/uploads\/2023\/06\/005.jpg\" alt=\"\" class=\"wp-image-2211\" srcset=\"http:\/\/www.adeomrocha.com.uy\/wp-content\/uploads\/2023\/06\/005.jpg 236w, http:\/\/www.adeomrocha.com.uy\/wp-content\/uploads\/2023\/06\/005-142x300.jpg 142w\" sizes=\"auto, (max-width: 236px) 100vw, 236px\" \/><\/a><\/figure>\n\n\n\n<figure class=\"wp-block-image size-large\"><a href=\"http:\/\/www.adeomrocha.com.uy\/wp-content\/uploads\/2023\/06\/006.jpg\"><img loading=\"lazy\" decoding=\"async\" width=\"236\" height=\"500\" src=\"http:\/\/www.adeomrocha.com.uy\/wp-content\/uploads\/2023\/06\/006.jpg\" alt=\"\" class=\"wp-image-2212\" srcset=\"http:\/\/www.adeomrocha.com.uy\/wp-content\/uploads\/2023\/06\/006.jpg 236w, http:\/\/www.adeomrocha.com.uy\/wp-content\/uploads\/2023\/06\/006-142x300.jpg 142w\" sizes=\"auto, (max-width: 236px) 100vw, 236px\" \/><\/a><\/figure>\n\n\n\n<figure class=\"wp-block-image size-large\"><a href=\"http:\/\/www.adeomrocha.com.uy\/wp-content\/uploads\/2023\/06\/007.jpg\"><img loading=\"lazy\" decoding=\"async\" width=\"337\" height=\"600\" src=\"http:\/\/www.adeomrocha.com.uy\/wp-content\/uploads\/2023\/06\/007.jpg\" alt=\"\" class=\"wp-image-2214\" srcset=\"http:\/\/www.adeomrocha.com.uy\/wp-content\/uploads\/2023\/06\/007.jpg 337w, http:\/\/www.adeomrocha.com.uy\/wp-content\/uploads\/2023\/06\/007-169x300.jpg 169w\" sizes=\"auto, (max-width: 337px) 100vw, 337px\" \/><\/a><\/figure>\n","protected":false},"excerpt":{"rendered":"<p>Este viernes los municipales de Rocha seguimos avanzando en la nueva etapa de la Carrera Funcional. En estos momentos nos encontramos en el obrador de Cebollat\u00ed, asamblea de trabajadores. Dentro de unos minutos se llevar\u00e1 adelante la elecci\u00f3n de representantes en los Tribunales Calificadores del Concurso de Ascenso respectivos, de acuerdo a lo establecido por [&hellip;]<\/p>\n","protected":false},"author":1,"featured_media":2206,"comment_status":"open","ping_status":"open","sticky":true,"template":"","format":"standard","meta":{"footnotes":""},"categories":[2],"tags":[],"class_list":["post-2205","post","type-post","status-publish","format-standard","has-post-thumbnail","hentry","category-informacion-general"],"_links":{"self":[{"href":"http:\/\/www.adeomrocha.com.uy\/index.php?rest_route=\/wp\/v2\/posts\/2205","targetHints":{"allow":["GET"]}}],"collection":[{"href":"http:\/\/www.adeomrocha.com.uy\/index.php?rest_route=\/wp\/v2\/posts"}],"about":[{"href":"http:\/\/www.adeomrocha.com.uy\/index.php?rest_route=\/wp\/v2\/types\/post"}],"author":[{"embeddable":true,"href":"http:\/\/www.adeomrocha.com.uy\/index.php?rest_route=\/wp\/v2\/users\/1"}],"replies":[{"embeddable":true,"href":"http:\/\/www.adeomrocha.com.uy\/index.php?rest_route=%2Fwp%2Fv2%2Fcomments&post=2205"}],"version-history":[{"count":3,"href":"http:\/\/www.adeomrocha.com.uy\/index.php?rest_route=\/wp\/v2\/posts\/2205\/revisions"}],"predecessor-version":[{"id":2215,"href":"http:\/\/www.adeomrocha.com.uy\/index.php?rest_route=\/wp\/v2\/posts\/2205\/revisions\/2215"}],"wp:featuredmedia":[{"embeddable":true,"href":"http:\/\/www.adeomrocha.com.uy\/index.php?rest_route=\/wp\/v2\/media\/2206"}],"wp:attachment":[{"href":"http:\/\/www.adeomrocha.com.uy\/index.php?rest_route=%2Fwp%2Fv2%2Fmedia&parent=2205"}],"wp:term":[{"taxonomy":"category","embeddable":true,"href":"http:\/\/www.adeomrocha.com.uy\/index.php?rest_route=%2Fwp%2Fv2%2Fcategories&post=2205"},{"taxonomy":"post_tag","embeddable":true,"href":"http:\/\/www.adeomrocha.com.uy\/index.php?rest_route=%2Fwp%2Fv2%2Ftags&post=2205"}],"curies":[{"name":"wp","href":"https:\/\/api.w.org\/{rel}","templated":true}]}}