{"id":2161,"date":"2023-05-31T11:19:25","date_gmt":"2023-05-31T11:19:25","guid":{"rendered":"http:\/\/www.adeomrocha.com.uy\/?p=2161"},"modified":"2023-05-31T11:22:00","modified_gmt":"2023-05-31T11:22:00","slug":"carrera-funcional-toco-chuy","status":"publish","type":"post","link":"http:\/\/www.adeomrocha.com.uy\/?p=2161","title":{"rendered":"CARRERA FUNCIONAL: TOC\u00d3 CHUY"},"content":{"rendered":"\n<p>Este mi\u00e9rcoles los municipales de Rocha seguiremos avanzando en la nueva etapa de la Carrera Funcional<\/p>\n\n\n\n<p>A las 7 de la ma\u00f1ana en el obrador del Municipio de Chuy, se llevar\u00e1 adelante la elecci\u00f3n de nuestros representantes en los Tribunales Calificadores del Concurso de Ascenso respectivos, de acuerdo a lo establecido por decreto y en funci\u00f3n a lo dispuesto en el art\u00edculo 12 del r\u00e9gimen de calificaciones.<\/p>\n\n\n\n<p>La urna itinerante estar\u00e1 en San Luis, 18 de Julio y sobre el mediod\u00eda estaremos en la Junta de La Barra de Chuy. En el horario de la tarde en el edificio de la Alcald\u00eda de Chuy.<\/p>\n\n\n\n<figure class=\"wp-block-image size-large\"><a href=\"http:\/\/www.adeomrocha.com.uy\/wp-content\/uploads\/2023\/05\/adeom.jpg\"><img loading=\"lazy\" decoding=\"async\" width=\"1024\" height=\"576\" src=\"http:\/\/www.adeomrocha.com.uy\/wp-content\/uploads\/2023\/05\/adeom-1024x576.jpg\" alt=\"\" class=\"wp-image-2163\" srcset=\"http:\/\/www.adeomrocha.com.uy\/wp-content\/uploads\/2023\/05\/adeom-1024x576.jpg 1024w, http:\/\/www.adeomrocha.com.uy\/wp-content\/uploads\/2023\/05\/adeom-300x169.jpg 300w, http:\/\/www.adeomrocha.com.uy\/wp-content\/uploads\/2023\/05\/adeom-768x432.jpg 768w, http:\/\/www.adeomrocha.com.uy\/wp-content\/uploads\/2023\/05\/adeom-1536x864.jpg 1536w, http:\/\/www.adeomrocha.com.uy\/wp-content\/uploads\/2023\/05\/adeom.jpg 1600w\" sizes=\"auto, (max-width: 1024px) 100vw, 1024px\" \/><\/a><\/figure>\n\n\n\n<figure class=\"wp-block-image size-large\"><a href=\"http:\/\/www.adeomrocha.com.uy\/wp-content\/uploads\/2023\/05\/bandera22.jpg\"><img loading=\"lazy\" decoding=\"async\" width=\"1024\" height=\"576\" src=\"http:\/\/www.adeomrocha.com.uy\/wp-content\/uploads\/2023\/05\/bandera22-1024x576.jpg\" alt=\"\" class=\"wp-image-2166\" srcset=\"http:\/\/www.adeomrocha.com.uy\/wp-content\/uploads\/2023\/05\/bandera22-1024x576.jpg 1024w, http:\/\/www.adeomrocha.com.uy\/wp-content\/uploads\/2023\/05\/bandera22-300x169.jpg 300w, http:\/\/www.adeomrocha.com.uy\/wp-content\/uploads\/2023\/05\/bandera22-768x432.jpg 768w, http:\/\/www.adeomrocha.com.uy\/wp-content\/uploads\/2023\/05\/bandera22-1536x864.jpg 1536w, http:\/\/www.adeomrocha.com.uy\/wp-content\/uploads\/2023\/05\/bandera22.jpg 1600w\" sizes=\"auto, (max-width: 1024px) 100vw, 1024px\" \/><\/a><\/figure>\n","protected":false},"excerpt":{"rendered":"<p>Este mi\u00e9rcoles los municipales de Rocha seguiremos avanzando en la nueva etapa de la Carrera Funcional A las 7 de la ma\u00f1ana en el obrador del Municipio de Chuy, se llevar\u00e1 adelante la elecci\u00f3n de nuestros representantes en los Tribunales Calificadores del Concurso de Ascenso respectivos, de acuerdo a lo establecido por decreto y en [&hellip;]<\/p>\n","protected":false},"author":1,"featured_media":2162,"comment_status":"open","ping_status":"open","sticky":true,"template":"","format":"standard","meta":{"footnotes":""},"categories":[2],"tags":[],"class_list":["post-2161","post","type-post","status-publish","format-standard","has-post-thumbnail","hentry","category-informacion-general"],"_links":{"self":[{"href":"http:\/\/www.adeomrocha.com.uy\/index.php?rest_route=\/wp\/v2\/posts\/2161","targetHints":{"allow":["GET"]}}],"collection":[{"href":"http:\/\/www.adeomrocha.com.uy\/index.php?rest_route=\/wp\/v2\/posts"}],"about":[{"href":"http:\/\/www.adeomrocha.com.uy\/index.php?rest_route=\/wp\/v2\/types\/post"}],"author":[{"embeddable":true,"href":"http:\/\/www.adeomrocha.com.uy\/index.php?rest_route=\/wp\/v2\/users\/1"}],"replies":[{"embeddable":true,"href":"http:\/\/www.adeomrocha.com.uy\/index.php?rest_route=%2Fwp%2Fv2%2Fcomments&post=2161"}],"version-history":[{"count":2,"href":"http:\/\/www.adeomrocha.com.uy\/index.php?rest_route=\/wp\/v2\/posts\/2161\/revisions"}],"predecessor-version":[{"id":2167,"href":"http:\/\/www.adeomrocha.com.uy\/index.php?rest_route=\/wp\/v2\/posts\/2161\/revisions\/2167"}],"wp:featuredmedia":[{"embeddable":true,"href":"http:\/\/www.adeomrocha.com.uy\/index.php?rest_route=\/wp\/v2\/media\/2162"}],"wp:attachment":[{"href":"http:\/\/www.adeomrocha.com.uy\/index.php?rest_route=%2Fwp%2Fv2%2Fmedia&parent=2161"}],"wp:term":[{"taxonomy":"category","embeddable":true,"href":"http:\/\/www.adeomrocha.com.uy\/index.php?rest_route=%2Fwp%2Fv2%2Fcategories&post=2161"},{"taxonomy":"post_tag","embeddable":true,"href":"http:\/\/www.adeomrocha.com.uy\/index.php?rest_route=%2Fwp%2Fv2%2Ftags&post=2161"}],"curies":[{"name":"wp","href":"https:\/\/api.w.org\/{rel}","templated":true}]}}