{"id":2127,"date":"2023-04-28T11:24:45","date_gmt":"2023-04-28T11:24:45","guid":{"rendered":"http:\/\/www.adeomrocha.com.uy\/?p=2127"},"modified":"2023-04-28T11:24:45","modified_gmt":"2023-04-28T11:24:45","slug":"28-de-abril-dia-mundial-de-la-seguridad-y-la-salud-en-el-trabajo-2","status":"publish","type":"post","link":"http:\/\/www.adeomrocha.com.uy\/?p=2127","title":{"rendered":"28 DE ABRIL D\u00eda Mundial de la Seguridad y la Salud en el Trabajo"},"content":{"rendered":"\n<p><strong>El 28 de abril se celebra en todo el mundo el D\u00eda Mundial de la Seguridad y la Salud en el Trabajo<\/strong>, proclamado por la Organizaci\u00f3n Internacional del Trabajo (OIT). En 2023 el tema es: \u00abUn entorno laboral seguro y saludable es un principio y un derecho fundamental en el trabajo\u00bb.<\/p>\n\n\n\n<h2 class=\"wp-block-heading\" id=\"resTit_1\">\u00bfPor qu\u00e9 se celebra el D\u00eda de la Seguridad y Salud en el Trabajo?<\/h2>\n\n\n\n<p>La celebraci\u00f3n consiste en una campa\u00f1a anual internacional para promover el trabajo seguro, saludable y digno. Adem\u00e1s se rinde homenaje a las v\u00edctimas de los accidentes de trabajo y las enfermedades profesionales.<\/p>\n\n\n\n<p>El objetivo del\u00a0<strong>D\u00eda Mundial de la Seguridad y la Salud en el Trabajo<\/strong>\u00a0es la prevenci\u00f3n de los accidentes laborales y de las enfermedades profesionales.<\/p>\n\n\n\n<p>Se trata de mostrar al mundo la magnitud del problema y hacer ver que una cultura de la seguridad y salud en el trabajo puede ayudar a reducir considerablemente el n\u00famero de muertes y lesiones en el trabajo.<\/p>\n\n\n\n<p><\/p>\n","protected":false},"excerpt":{"rendered":"<p>El 28 de abril se celebra en todo el mundo el D\u00eda Mundial de la Seguridad y la Salud en el Trabajo, proclamado por la Organizaci\u00f3n Internacional del Trabajo (OIT). En 2023 el tema es: \u00abUn entorno laboral seguro y saludable es un principio y un derecho fundamental en el trabajo\u00bb. \u00bfPor qu\u00e9 se celebra [&hellip;]<\/p>\n","protected":false},"author":1,"featured_media":2128,"comment_status":"open","ping_status":"open","sticky":false,"template":"","format":"standard","meta":{"footnotes":""},"categories":[2,3],"tags":[],"class_list":["post-2127","post","type-post","status-publish","format-standard","has-post-thumbnail","hentry","category-informacion-general","category-coronavirus"],"_links":{"self":[{"href":"http:\/\/www.adeomrocha.com.uy\/index.php?rest_route=\/wp\/v2\/posts\/2127","targetHints":{"allow":["GET"]}}],"collection":[{"href":"http:\/\/www.adeomrocha.com.uy\/index.php?rest_route=\/wp\/v2\/posts"}],"about":[{"href":"http:\/\/www.adeomrocha.com.uy\/index.php?rest_route=\/wp\/v2\/types\/post"}],"author":[{"embeddable":true,"href":"http:\/\/www.adeomrocha.com.uy\/index.php?rest_route=\/wp\/v2\/users\/1"}],"replies":[{"embeddable":true,"href":"http:\/\/www.adeomrocha.com.uy\/index.php?rest_route=%2Fwp%2Fv2%2Fcomments&post=2127"}],"version-history":[{"count":1,"href":"http:\/\/www.adeomrocha.com.uy\/index.php?rest_route=\/wp\/v2\/posts\/2127\/revisions"}],"predecessor-version":[{"id":2129,"href":"http:\/\/www.adeomrocha.com.uy\/index.php?rest_route=\/wp\/v2\/posts\/2127\/revisions\/2129"}],"wp:featuredmedia":[{"embeddable":true,"href":"http:\/\/www.adeomrocha.com.uy\/index.php?rest_route=\/wp\/v2\/media\/2128"}],"wp:attachment":[{"href":"http:\/\/www.adeomrocha.com.uy\/index.php?rest_route=%2Fwp%2Fv2%2Fmedia&parent=2127"}],"wp:term":[{"taxonomy":"category","embeddable":true,"href":"http:\/\/www.adeomrocha.com.uy\/index.php?rest_route=%2Fwp%2Fv2%2Fcategories&post=2127"},{"taxonomy":"post_tag","embeddable":true,"href":"http:\/\/www.adeomrocha.com.uy\/index.php?rest_route=%2Fwp%2Fv2%2Ftags&post=2127"}],"curies":[{"name":"wp","href":"https:\/\/api.w.org\/{rel}","templated":true}]}}