{"id":2122,"date":"2023-04-24T10:34:13","date_gmt":"2023-04-24T10:34:13","guid":{"rendered":"http:\/\/www.adeomrocha.com.uy\/?p=2122"},"modified":"2023-04-24T10:34:13","modified_gmt":"2023-04-24T10:34:13","slug":"dia-de-los-municipios-de-america","status":"publish","type":"post","link":"http:\/\/www.adeomrocha.com.uy\/?p=2122","title":{"rendered":"D\u00eda de los Municipios de Am\u00e9rica"},"content":{"rendered":"\n<p>Con motivo de celebrarse hoy, el d\u00eda de los municipio de Am\u00e9rica.<br>Adeom Rocha hace llegar su saludo a todos los trabajadores municipales del departamento.<br><\/p>\n\n\n\n<p>Como sindicato reivindicamos la tarea y los servicios municipales, defendiendo los derechos y la dignidad de los empleados municipales del departamento.<br><\/p>\n\n\n\n<p>Es por ello que en este d\u00eda llamamos a que el ejecutivo departamental de respuesta y se presente el \u00e1mbito de ampliaci\u00f3n presupuestal de negociaci\u00f3n colectiva 2023, de nuestra parte hemos cumplido a lo solicitado, entregado por escrito el d\u00eda 30 de marzo los planteamientos considerados de relevancia para una ampliaci\u00f3n, de modo ser evaluados tal cual fuera solicitado en \u00faltima reuni\u00f3n bipartita por parte del ejecutivo.<\/p>\n\n\n\n<p>Los plazos se acortan para que esta instancia cumpla con la importancia y el compromiso asumido, as\u00ed como la correcta ejecuci\u00f3n de lo acordado en el acta de convenio colectivo 2021, puntos all\u00ed asumido aun por trabajar para poner en pr\u00e1ctica por el periodo 2023-2025.&nbsp;<\/p>\n","protected":false},"excerpt":{"rendered":"<p>Con motivo de celebrarse hoy, el d\u00eda de los municipio de Am\u00e9rica.Adeom Rocha hace llegar su saludo a todos los trabajadores municipales del departamento. Como sindicato reivindicamos la tarea y los servicios municipales, defendiendo los derechos y la dignidad de los empleados municipales del departamento. Es por ello que en este d\u00eda llamamos a que [&hellip;]<\/p>\n","protected":false},"author":1,"featured_media":2120,"comment_status":"open","ping_status":"open","sticky":true,"template":"","format":"standard","meta":{"footnotes":""},"categories":[2],"tags":[],"class_list":["post-2122","post","type-post","status-publish","format-standard","has-post-thumbnail","hentry","category-informacion-general"],"_links":{"self":[{"href":"http:\/\/www.adeomrocha.com.uy\/index.php?rest_route=\/wp\/v2\/posts\/2122","targetHints":{"allow":["GET"]}}],"collection":[{"href":"http:\/\/www.adeomrocha.com.uy\/index.php?rest_route=\/wp\/v2\/posts"}],"about":[{"href":"http:\/\/www.adeomrocha.com.uy\/index.php?rest_route=\/wp\/v2\/types\/post"}],"author":[{"embeddable":true,"href":"http:\/\/www.adeomrocha.com.uy\/index.php?rest_route=\/wp\/v2\/users\/1"}],"replies":[{"embeddable":true,"href":"http:\/\/www.adeomrocha.com.uy\/index.php?rest_route=%2Fwp%2Fv2%2Fcomments&post=2122"}],"version-history":[{"count":1,"href":"http:\/\/www.adeomrocha.com.uy\/index.php?rest_route=\/wp\/v2\/posts\/2122\/revisions"}],"predecessor-version":[{"id":2123,"href":"http:\/\/www.adeomrocha.com.uy\/index.php?rest_route=\/wp\/v2\/posts\/2122\/revisions\/2123"}],"wp:featuredmedia":[{"embeddable":true,"href":"http:\/\/www.adeomrocha.com.uy\/index.php?rest_route=\/wp\/v2\/media\/2120"}],"wp:attachment":[{"href":"http:\/\/www.adeomrocha.com.uy\/index.php?rest_route=%2Fwp%2Fv2%2Fmedia&parent=2122"}],"wp:term":[{"taxonomy":"category","embeddable":true,"href":"http:\/\/www.adeomrocha.com.uy\/index.php?rest_route=%2Fwp%2Fv2%2Fcategories&post=2122"},{"taxonomy":"post_tag","embeddable":true,"href":"http:\/\/www.adeomrocha.com.uy\/index.php?rest_route=%2Fwp%2Fv2%2Ftags&post=2122"}],"curies":[{"name":"wp","href":"https:\/\/api.w.org\/{rel}","templated":true}]}}