{"id":2114,"date":"2023-04-20T18:46:54","date_gmt":"2023-04-20T18:46:54","guid":{"rendered":"http:\/\/www.adeomrocha.com.uy\/?p=2114"},"modified":"2023-04-20T18:46:54","modified_gmt":"2023-04-20T18:46:54","slug":"reunion-de-inspectores-municipales","status":"publish","type":"post","link":"http:\/\/www.adeomrocha.com.uy\/?p=2114","title":{"rendered":"REUNI\u00d3N DE INSPECTORES MUNICIPALES"},"content":{"rendered":"\n<p>En las \u00faltimas horas se realiz\u00f3 en la sede de la Asociaci\u00f3n de Empleados y Obreros Municipales de Rocha (ADEOM) un encuentro regional de inspectores municipales de cara al plenario departamental del mes de mayo. Sobre la mesa de di\u00e1logo, se encontraban temas relacionados a la situaci\u00f3n actual de los trabajadores.<\/p>\n\n\n\n<figure class=\"wp-block-image size-large\"><a href=\"http:\/\/www.adeomrocha.com.uy\/wp-content\/uploads\/2023\/04\/adeom-inspectoresG.jpg\"><img loading=\"lazy\" decoding=\"async\" width=\"740\" height=\"1024\" src=\"http:\/\/www.adeomrocha.com.uy\/wp-content\/uploads\/2023\/04\/adeom-inspectoresG-740x1024.jpg\" alt=\"\" class=\"wp-image-2115\" srcset=\"http:\/\/www.adeomrocha.com.uy\/wp-content\/uploads\/2023\/04\/adeom-inspectoresG-740x1024.jpg 740w, http:\/\/www.adeomrocha.com.uy\/wp-content\/uploads\/2023\/04\/adeom-inspectoresG-217x300.jpg 217w, http:\/\/www.adeomrocha.com.uy\/wp-content\/uploads\/2023\/04\/adeom-inspectoresG-768x1063.jpg 768w, http:\/\/www.adeomrocha.com.uy\/wp-content\/uploads\/2023\/04\/adeom-inspectoresG-1110x1536.jpg 1110w, http:\/\/www.adeomrocha.com.uy\/wp-content\/uploads\/2023\/04\/adeom-inspectoresG.jpg 1156w\" sizes=\"auto, (max-width: 740px) 100vw, 740px\" \/><\/a><\/figure>\n","protected":false},"excerpt":{"rendered":"<p>En las \u00faltimas horas se realiz\u00f3 en la sede de la Asociaci\u00f3n de Empleados y Obreros Municipales de Rocha (ADEOM) un encuentro regional de inspectores municipales de cara al plenario departamental del mes de mayo. Sobre la mesa de di\u00e1logo, se encontraban temas relacionados a la situaci\u00f3n actual de los trabajadores.<\/p>\n","protected":false},"author":1,"featured_media":2116,"comment_status":"open","ping_status":"open","sticky":false,"template":"","format":"standard","meta":{"footnotes":""},"categories":[2],"tags":[],"class_list":["post-2114","post","type-post","status-publish","format-standard","has-post-thumbnail","hentry","category-informacion-general"],"_links":{"self":[{"href":"http:\/\/www.adeomrocha.com.uy\/index.php?rest_route=\/wp\/v2\/posts\/2114","targetHints":{"allow":["GET"]}}],"collection":[{"href":"http:\/\/www.adeomrocha.com.uy\/index.php?rest_route=\/wp\/v2\/posts"}],"about":[{"href":"http:\/\/www.adeomrocha.com.uy\/index.php?rest_route=\/wp\/v2\/types\/post"}],"author":[{"embeddable":true,"href":"http:\/\/www.adeomrocha.com.uy\/index.php?rest_route=\/wp\/v2\/users\/1"}],"replies":[{"embeddable":true,"href":"http:\/\/www.adeomrocha.com.uy\/index.php?rest_route=%2Fwp%2Fv2%2Fcomments&post=2114"}],"version-history":[{"count":1,"href":"http:\/\/www.adeomrocha.com.uy\/index.php?rest_route=\/wp\/v2\/posts\/2114\/revisions"}],"predecessor-version":[{"id":2117,"href":"http:\/\/www.adeomrocha.com.uy\/index.php?rest_route=\/wp\/v2\/posts\/2114\/revisions\/2117"}],"wp:featuredmedia":[{"embeddable":true,"href":"http:\/\/www.adeomrocha.com.uy\/index.php?rest_route=\/wp\/v2\/media\/2116"}],"wp:attachment":[{"href":"http:\/\/www.adeomrocha.com.uy\/index.php?rest_route=%2Fwp%2Fv2%2Fmedia&parent=2114"}],"wp:term":[{"taxonomy":"category","embeddable":true,"href":"http:\/\/www.adeomrocha.com.uy\/index.php?rest_route=%2Fwp%2Fv2%2Fcategories&post=2114"},{"taxonomy":"post_tag","embeddable":true,"href":"http:\/\/www.adeomrocha.com.uy\/index.php?rest_route=%2Fwp%2Fv2%2Ftags&post=2114"}],"curies":[{"name":"wp","href":"https:\/\/api.w.org\/{rel}","templated":true}]}}