{"id":2008,"date":"2022-11-19T22:04:38","date_gmt":"2022-11-19T22:04:38","guid":{"rendered":"http:\/\/www.adeomrocha.com.uy\/?p=2008"},"modified":"2022-11-19T22:04:38","modified_gmt":"2022-11-19T22:04:38","slug":"firmamos-acuerdo-con-la-idr-2","status":"publish","type":"post","link":"http:\/\/www.adeomrocha.com.uy\/?p=2008","title":{"rendered":"FIRMAMOS ACUERDO CON LA IDR"},"content":{"rendered":"\n<p>En la ma\u00f1ana de este viernes 18 de noviembre se firm\u00f3 acuerdo con el Ejecutivo por salarios mal liquidados en anterior per\u00edodo de Gobierno. Ac\u00e1 los documentos de esa instancia. <\/p>\n\n\n\n<figure class=\"wp-block-gallery columns-3 is-cropped wp-block-gallery-1 is-layout-flex wp-block-gallery-is-layout-flex\"><ul class=\"blocks-gallery-grid\"><li class=\"blocks-gallery-item\"><figure><a href=\"http:\/\/www.adeomrocha.com.uy\/wp-content\/uploads\/2022\/11\/Resolucion-de-Pago_page-0001-732x1024.jpg\"><img loading=\"lazy\" decoding=\"async\" width=\"732\" height=\"1024\" src=\"http:\/\/www.adeomrocha.com.uy\/wp-content\/uploads\/2022\/11\/Resolucion-de-Pago_page-0001-732x1024.jpg\" alt=\"\" data-id=\"2009\" data-link=\"http:\/\/www.adeomrocha.com.uy\/?attachment_id=2009\" class=\"wp-image-2009\" srcset=\"http:\/\/www.adeomrocha.com.uy\/wp-content\/uploads\/2022\/11\/Resolucion-de-Pago_page-0001-732x1024.jpg 732w, http:\/\/www.adeomrocha.com.uy\/wp-content\/uploads\/2022\/11\/Resolucion-de-Pago_page-0001-215x300.jpg 215w, http:\/\/www.adeomrocha.com.uy\/wp-content\/uploads\/2022\/11\/Resolucion-de-Pago_page-0001-768x1074.jpg 768w, http:\/\/www.adeomrocha.com.uy\/wp-content\/uploads\/2022\/11\/Resolucion-de-Pago_page-0001-1098x1536.jpg 1098w, http:\/\/www.adeomrocha.com.uy\/wp-content\/uploads\/2022\/11\/Resolucion-de-Pago_page-0001.jpg 1232w\" sizes=\"auto, (max-width: 732px) 100vw, 732px\" \/><\/a><\/figure><\/li><li class=\"blocks-gallery-item\"><figure><a href=\"http:\/\/www.adeomrocha.com.uy\/wp-content\/uploads\/2022\/11\/Resolucion-de-Pago_page-0002-748x1024.jpg\"><img loading=\"lazy\" decoding=\"async\" width=\"748\" height=\"1024\" src=\"http:\/\/www.adeomrocha.com.uy\/wp-content\/uploads\/2022\/11\/Resolucion-de-Pago_page-0002-748x1024.jpg\" alt=\"\" data-id=\"2010\" data-link=\"http:\/\/www.adeomrocha.com.uy\/?attachment_id=2010\" class=\"wp-image-2010\" srcset=\"http:\/\/www.adeomrocha.com.uy\/wp-content\/uploads\/2022\/11\/Resolucion-de-Pago_page-0002-748x1024.jpg 748w, http:\/\/www.adeomrocha.com.uy\/wp-content\/uploads\/2022\/11\/Resolucion-de-Pago_page-0002-219x300.jpg 219w, http:\/\/www.adeomrocha.com.uy\/wp-content\/uploads\/2022\/11\/Resolucion-de-Pago_page-0002-768x1051.jpg 768w, http:\/\/www.adeomrocha.com.uy\/wp-content\/uploads\/2022\/11\/Resolucion-de-Pago_page-0002-1123x1536.jpg 1123w, http:\/\/www.adeomrocha.com.uy\/wp-content\/uploads\/2022\/11\/Resolucion-de-Pago_page-0002.jpg 1263w\" sizes=\"auto, (max-width: 748px) 100vw, 748px\" \/><\/a><\/figure><\/li><li class=\"blocks-gallery-item\"><figure><a href=\"http:\/\/www.adeomrocha.com.uy\/wp-content\/uploads\/2022\/11\/Convenio-Pago-Deuda-18.11.22_page-0001.jpg\"><img loading=\"lazy\" decoding=\"async\" width=\"735\" height=\"1024\" src=\"http:\/\/www.adeomrocha.com.uy\/wp-content\/uploads\/2022\/11\/Convenio-Pago-Deuda-18.11.22_page-0001-735x1024.jpg\" alt=\"\" data-id=\"2011\" data-full-url=\"http:\/\/www.adeomrocha.com.uy\/wp-content\/uploads\/2022\/11\/Convenio-Pago-Deuda-18.11.22_page-0001.jpg\" data-link=\"http:\/\/www.adeomrocha.com.uy\/?attachment_id=2011\" class=\"wp-image-2011\" srcset=\"http:\/\/www.adeomrocha.com.uy\/wp-content\/uploads\/2022\/11\/Convenio-Pago-Deuda-18.11.22_page-0001-735x1024.jpg 735w, http:\/\/www.adeomrocha.com.uy\/wp-content\/uploads\/2022\/11\/Convenio-Pago-Deuda-18.11.22_page-0001-215x300.jpg 215w, http:\/\/www.adeomrocha.com.uy\/wp-content\/uploads\/2022\/11\/Convenio-Pago-Deuda-18.11.22_page-0001-768x1070.jpg 768w, http:\/\/www.adeomrocha.com.uy\/wp-content\/uploads\/2022\/11\/Convenio-Pago-Deuda-18.11.22_page-0001-1102x1536.jpg 1102w, http:\/\/www.adeomrocha.com.uy\/wp-content\/uploads\/2022\/11\/Convenio-Pago-Deuda-18.11.22_page-0001.jpg 1232w\" sizes=\"auto, (max-width: 735px) 100vw, 735px\" \/><\/a><\/figure><\/li><li class=\"blocks-gallery-item\"><figure><a href=\"http:\/\/www.adeomrocha.com.uy\/wp-content\/uploads\/2022\/11\/Convenio-Pago-Deuda-18.11.22_page-0002.jpg\"><img loading=\"lazy\" decoding=\"async\" width=\"735\" height=\"1024\" src=\"http:\/\/www.adeomrocha.com.uy\/wp-content\/uploads\/2022\/11\/Convenio-Pago-Deuda-18.11.22_page-0002-735x1024.jpg\" alt=\"\" data-id=\"2012\" data-full-url=\"http:\/\/www.adeomrocha.com.uy\/wp-content\/uploads\/2022\/11\/Convenio-Pago-Deuda-18.11.22_page-0002.jpg\" data-link=\"http:\/\/www.adeomrocha.com.uy\/?attachment_id=2012\" class=\"wp-image-2012\" srcset=\"http:\/\/www.adeomrocha.com.uy\/wp-content\/uploads\/2022\/11\/Convenio-Pago-Deuda-18.11.22_page-0002-735x1024.jpg 735w, http:\/\/www.adeomrocha.com.uy\/wp-content\/uploads\/2022\/11\/Convenio-Pago-Deuda-18.11.22_page-0002-215x300.jpg 215w, http:\/\/www.adeomrocha.com.uy\/wp-content\/uploads\/2022\/11\/Convenio-Pago-Deuda-18.11.22_page-0002-768x1070.jpg 768w, http:\/\/www.adeomrocha.com.uy\/wp-content\/uploads\/2022\/11\/Convenio-Pago-Deuda-18.11.22_page-0002-1102x1536.jpg 1102w, http:\/\/www.adeomrocha.com.uy\/wp-content\/uploads\/2022\/11\/Convenio-Pago-Deuda-18.11.22_page-0002.jpg 1232w\" sizes=\"auto, (max-width: 735px) 100vw, 735px\" \/><\/a><\/figure><\/li><li class=\"blocks-gallery-item\"><figure><a href=\"http:\/\/www.adeomrocha.com.uy\/wp-content\/uploads\/2022\/11\/Convenio-Pago-Deuda-18.11.22_page-0003.jpg\"><img loading=\"lazy\" decoding=\"async\" width=\"742\" height=\"1024\" src=\"http:\/\/www.adeomrocha.com.uy\/wp-content\/uploads\/2022\/11\/Convenio-Pago-Deuda-18.11.22_page-0003-742x1024.jpg\" alt=\"\" data-id=\"2013\" data-full-url=\"http:\/\/www.adeomrocha.com.uy\/wp-content\/uploads\/2022\/11\/Convenio-Pago-Deuda-18.11.22_page-0003.jpg\" data-link=\"http:\/\/www.adeomrocha.com.uy\/?attachment_id=2013\" class=\"wp-image-2013\" srcset=\"http:\/\/www.adeomrocha.com.uy\/wp-content\/uploads\/2022\/11\/Convenio-Pago-Deuda-18.11.22_page-0003-742x1024.jpg 742w, http:\/\/www.adeomrocha.com.uy\/wp-content\/uploads\/2022\/11\/Convenio-Pago-Deuda-18.11.22_page-0003-218x300.jpg 218w, http:\/\/www.adeomrocha.com.uy\/wp-content\/uploads\/2022\/11\/Convenio-Pago-Deuda-18.11.22_page-0003-768x1059.jpg 768w, http:\/\/www.adeomrocha.com.uy\/wp-content\/uploads\/2022\/11\/Convenio-Pago-Deuda-18.11.22_page-0003-1114x1536.jpg 1114w, http:\/\/www.adeomrocha.com.uy\/wp-content\/uploads\/2022\/11\/Convenio-Pago-Deuda-18.11.22_page-0003.jpg 1263w\" sizes=\"auto, (max-width: 742px) 100vw, 742px\" \/><\/a><\/figure><\/li><\/ul><\/figure>\n","protected":false},"excerpt":{"rendered":"<p>En la ma\u00f1ana de este viernes 18 de noviembre se firm\u00f3 acuerdo con el Ejecutivo por salarios mal liquidados en anterior per\u00edodo de Gobierno. Ac\u00e1 los documentos de esa instancia.<\/p>\n","protected":false},"author":1,"featured_media":2004,"comment_status":"open","ping_status":"open","sticky":false,"template":"","format":"standard","meta":{"footnotes":""},"categories":[2],"tags":[],"class_list":["post-2008","post","type-post","status-publish","format-standard","has-post-thumbnail","hentry","category-informacion-general"],"_links":{"self":[{"href":"http:\/\/www.adeomrocha.com.uy\/index.php?rest_route=\/wp\/v2\/posts\/2008","targetHints":{"allow":["GET"]}}],"collection":[{"href":"http:\/\/www.adeomrocha.com.uy\/index.php?rest_route=\/wp\/v2\/posts"}],"about":[{"href":"http:\/\/www.adeomrocha.com.uy\/index.php?rest_route=\/wp\/v2\/types\/post"}],"author":[{"embeddable":true,"href":"http:\/\/www.adeomrocha.com.uy\/index.php?rest_route=\/wp\/v2\/users\/1"}],"replies":[{"embeddable":true,"href":"http:\/\/www.adeomrocha.com.uy\/index.php?rest_route=%2Fwp%2Fv2%2Fcomments&post=2008"}],"version-history":[{"count":1,"href":"http:\/\/www.adeomrocha.com.uy\/index.php?rest_route=\/wp\/v2\/posts\/2008\/revisions"}],"predecessor-version":[{"id":2014,"href":"http:\/\/www.adeomrocha.com.uy\/index.php?rest_route=\/wp\/v2\/posts\/2008\/revisions\/2014"}],"wp:featuredmedia":[{"embeddable":true,"href":"http:\/\/www.adeomrocha.com.uy\/index.php?rest_route=\/wp\/v2\/media\/2004"}],"wp:attachment":[{"href":"http:\/\/www.adeomrocha.com.uy\/index.php?rest_route=%2Fwp%2Fv2%2Fmedia&parent=2008"}],"wp:term":[{"taxonomy":"category","embeddable":true,"href":"http:\/\/www.adeomrocha.com.uy\/index.php?rest_route=%2Fwp%2Fv2%2Fcategories&post=2008"},{"taxonomy":"post_tag","embeddable":true,"href":"http:\/\/www.adeomrocha.com.uy\/index.php?rest_route=%2Fwp%2Fv2%2Ftags&post=2008"}],"curies":[{"name":"wp","href":"https:\/\/api.w.org\/{rel}","templated":true}]}}