{"id":1916,"date":"2022-06-22T14:31:12","date_gmt":"2022-06-22T14:31:12","guid":{"rendered":"http:\/\/www.adeomrocha.com.uy\/?p=1916"},"modified":"2022-06-22T14:31:12","modified_gmt":"2022-06-22T14:31:12","slug":"adeom-rocha-se-solidariza","status":"publish","type":"post","link":"http:\/\/www.adeomrocha.com.uy\/?p=1916","title":{"rendered":"ADEOM Rocha se solidariza"},"content":{"rendered":"\n<p>La Asociaci\u00f3n de Empleados y Obreros Municipales de Rocha y el cuerpo de inspectores del Municipio de Chuy se solidariza con compa\u00f1ero agredido en Montevideo mientras cumpl\u00eda con su trabajo. <\/p>\n","protected":false},"excerpt":{"rendered":"<p>La Asociaci\u00f3n de Empleados y Obreros Municipales de Rocha y el cuerpo de inspectores del Municipio de Chuy se solidariza con compa\u00f1ero agredido en Montevideo mientras cumpl\u00eda con su trabajo.<\/p>\n","protected":false},"author":1,"featured_media":1917,"comment_status":"open","ping_status":"open","sticky":false,"template":"","format":"standard","meta":{"footnotes":""},"categories":[1],"tags":[],"class_list":["post-1916","post","type-post","status-publish","format-standard","has-post-thumbnail","hentry","category-sin-categoria"],"_links":{"self":[{"href":"http:\/\/www.adeomrocha.com.uy\/index.php?rest_route=\/wp\/v2\/posts\/1916","targetHints":{"allow":["GET"]}}],"collection":[{"href":"http:\/\/www.adeomrocha.com.uy\/index.php?rest_route=\/wp\/v2\/posts"}],"about":[{"href":"http:\/\/www.adeomrocha.com.uy\/index.php?rest_route=\/wp\/v2\/types\/post"}],"author":[{"embeddable":true,"href":"http:\/\/www.adeomrocha.com.uy\/index.php?rest_route=\/wp\/v2\/users\/1"}],"replies":[{"embeddable":true,"href":"http:\/\/www.adeomrocha.com.uy\/index.php?rest_route=%2Fwp%2Fv2%2Fcomments&post=1916"}],"version-history":[{"count":1,"href":"http:\/\/www.adeomrocha.com.uy\/index.php?rest_route=\/wp\/v2\/posts\/1916\/revisions"}],"predecessor-version":[{"id":1918,"href":"http:\/\/www.adeomrocha.com.uy\/index.php?rest_route=\/wp\/v2\/posts\/1916\/revisions\/1918"}],"wp:featuredmedia":[{"embeddable":true,"href":"http:\/\/www.adeomrocha.com.uy\/index.php?rest_route=\/wp\/v2\/media\/1917"}],"wp:attachment":[{"href":"http:\/\/www.adeomrocha.com.uy\/index.php?rest_route=%2Fwp%2Fv2%2Fmedia&parent=1916"}],"wp:term":[{"taxonomy":"category","embeddable":true,"href":"http:\/\/www.adeomrocha.com.uy\/index.php?rest_route=%2Fwp%2Fv2%2Fcategories&post=1916"},{"taxonomy":"post_tag","embeddable":true,"href":"http:\/\/www.adeomrocha.com.uy\/index.php?rest_route=%2Fwp%2Fv2%2Ftags&post=1916"}],"curies":[{"name":"wp","href":"https:\/\/api.w.org\/{rel}","templated":true}]}}