{"id":1902,"date":"2022-05-27T15:45:22","date_gmt":"2022-05-27T15:45:22","guid":{"rendered":"http:\/\/www.adeomrocha.com.uy\/?p=1902"},"modified":"2022-05-27T15:45:22","modified_gmt":"2022-05-27T15:45:22","slug":"federacion-de-municipales-en-chuy","status":"publish","type":"post","link":"http:\/\/www.adeomrocha.com.uy\/?p=1902","title":{"rendered":"FEDERACI\u00d3N DE MUNICIPALES EN CHUY"},"content":{"rendered":"\n<p>La Federaci\u00f3n Nacional de Municipales (FNM) que re\u00fane a la mayor\u00eda de los sindicatos de trabajadores de gobiernos departamentales, realiza a instancia de ADEOM Rocha , un congreso nacional en Chuy. \u00danico punto a tratar \u00bb aportes al Pit Cnt\u00bb inform\u00f3  H\u00e9ctor Pereyra Chury . El presidente de ADEOM Rocha se\u00f1al\u00f3 que esta instancia se lleva adelante a solicitud de los compa\u00f1eros y dirigentes de Chuy.<\/p>\n","protected":false},"excerpt":{"rendered":"<p>La Federaci\u00f3n Nacional de Municipales (FNM) que re\u00fane a la mayor\u00eda de los sindicatos de trabajadores de gobiernos departamentales, realiza a instancia de ADEOM Rocha , un congreso nacional en Chuy. \u00danico punto a tratar \u00bb aportes al Pit Cnt\u00bb inform\u00f3 H\u00e9ctor Pereyra Chury . El presidente de ADEOM Rocha se\u00f1al\u00f3 que esta instancia se [&hellip;]<\/p>\n","protected":false},"author":1,"featured_media":1903,"comment_status":"open","ping_status":"open","sticky":false,"template":"","format":"standard","meta":{"footnotes":""},"categories":[2],"tags":[],"class_list":["post-1902","post","type-post","status-publish","format-standard","has-post-thumbnail","hentry","category-informacion-general"],"_links":{"self":[{"href":"http:\/\/www.adeomrocha.com.uy\/index.php?rest_route=\/wp\/v2\/posts\/1902","targetHints":{"allow":["GET"]}}],"collection":[{"href":"http:\/\/www.adeomrocha.com.uy\/index.php?rest_route=\/wp\/v2\/posts"}],"about":[{"href":"http:\/\/www.adeomrocha.com.uy\/index.php?rest_route=\/wp\/v2\/types\/post"}],"author":[{"embeddable":true,"href":"http:\/\/www.adeomrocha.com.uy\/index.php?rest_route=\/wp\/v2\/users\/1"}],"replies":[{"embeddable":true,"href":"http:\/\/www.adeomrocha.com.uy\/index.php?rest_route=%2Fwp%2Fv2%2Fcomments&post=1902"}],"version-history":[{"count":1,"href":"http:\/\/www.adeomrocha.com.uy\/index.php?rest_route=\/wp\/v2\/posts\/1902\/revisions"}],"predecessor-version":[{"id":1904,"href":"http:\/\/www.adeomrocha.com.uy\/index.php?rest_route=\/wp\/v2\/posts\/1902\/revisions\/1904"}],"wp:featuredmedia":[{"embeddable":true,"href":"http:\/\/www.adeomrocha.com.uy\/index.php?rest_route=\/wp\/v2\/media\/1903"}],"wp:attachment":[{"href":"http:\/\/www.adeomrocha.com.uy\/index.php?rest_route=%2Fwp%2Fv2%2Fmedia&parent=1902"}],"wp:term":[{"taxonomy":"category","embeddable":true,"href":"http:\/\/www.adeomrocha.com.uy\/index.php?rest_route=%2Fwp%2Fv2%2Fcategories&post=1902"},{"taxonomy":"post_tag","embeddable":true,"href":"http:\/\/www.adeomrocha.com.uy\/index.php?rest_route=%2Fwp%2Fv2%2Ftags&post=1902"}],"curies":[{"name":"wp","href":"https:\/\/api.w.org\/{rel}","templated":true}]}}