{"id":1898,"date":"2022-05-27T13:41:54","date_gmt":"2022-05-27T13:41:54","guid":{"rendered":"http:\/\/www.adeomrocha.com.uy\/?p=1898"},"modified":"2022-05-27T13:41:54","modified_gmt":"2022-05-27T13:41:54","slug":"adeom-rocha-en-asamblea","status":"publish","type":"post","link":"http:\/\/www.adeomrocha.com.uy\/?p=1898","title":{"rendered":"ADEOM Rocha en asamblea"},"content":{"rendered":"\n<p>En minutos comienza la Asamblea de ADEOM Rocha en el obrador del Municipio de Chuy.<\/p>\n\n\n\n<p>En este encuentro de trabajadores municipales se abordaran temas asociados a la Negociaci\u00f3n Colectiva 2022.<br><\/p>\n\n\n\n<p>Nuestro presidente H\u00e9ctor Pereyra Chury resalt\u00f3 una vez m\u00e1s que se trata de \u201cuna instancia muy importante porque tenemos la convicci\u00f3n de que la negociaci\u00f3n colectiva constituye una herramienta fundamental para el desarrollo de las mejores relaciones laborales\u201d. Alcanzar un acuerdo ser\u00e1 la base de un nuevo relacionamiento entre la Administraci\u00f3n y los trabajadores, resalt\u00f3.<br><\/p>\n\n\n\n<p>\u00abDesde el a\u00f1o 2020 trazamos la hoja de ruta con cinco ejes tem\u00e1ticos definidos e informamos a la familia municipal ,como es la negociaci\u00f3n colectiva y lo que implica la misma en temas de salud, seguridad laboral, salarios , funcionarios contratados, carrera funcional y asuntos sociales\u00bb.<\/p>\n\n\n\n<figure class=\"wp-block-image size-large\"><a href=\"http:\/\/www.adeomrocha.com.uy\/wp-content\/uploads\/2022\/05\/a2.jpg\"><img loading=\"lazy\" decoding=\"async\" width=\"750\" height=\"415\" src=\"http:\/\/www.adeomrocha.com.uy\/wp-content\/uploads\/2022\/05\/a2.jpg\" alt=\"\" class=\"wp-image-1900\" srcset=\"http:\/\/www.adeomrocha.com.uy\/wp-content\/uploads\/2022\/05\/a2.jpg 750w, http:\/\/www.adeomrocha.com.uy\/wp-content\/uploads\/2022\/05\/a2-300x166.jpg 300w\" sizes=\"auto, (max-width: 750px) 100vw, 750px\" \/><\/a><\/figure>\n","protected":false},"excerpt":{"rendered":"<p>En minutos comienza la Asamblea de ADEOM Rocha en el obrador del Municipio de Chuy. En este encuentro de trabajadores municipales se abordaran temas asociados a la Negociaci\u00f3n Colectiva 2022. Nuestro presidente H\u00e9ctor Pereyra Chury resalt\u00f3 una vez m\u00e1s que se trata de \u201cuna instancia muy importante porque tenemos la convicci\u00f3n de que la negociaci\u00f3n [&hellip;]<\/p>\n","protected":false},"author":1,"featured_media":1899,"comment_status":"open","ping_status":"open","sticky":false,"template":"","format":"standard","meta":{"footnotes":""},"categories":[2],"tags":[],"class_list":["post-1898","post","type-post","status-publish","format-standard","has-post-thumbnail","hentry","category-informacion-general"],"_links":{"self":[{"href":"http:\/\/www.adeomrocha.com.uy\/index.php?rest_route=\/wp\/v2\/posts\/1898","targetHints":{"allow":["GET"]}}],"collection":[{"href":"http:\/\/www.adeomrocha.com.uy\/index.php?rest_route=\/wp\/v2\/posts"}],"about":[{"href":"http:\/\/www.adeomrocha.com.uy\/index.php?rest_route=\/wp\/v2\/types\/post"}],"author":[{"embeddable":true,"href":"http:\/\/www.adeomrocha.com.uy\/index.php?rest_route=\/wp\/v2\/users\/1"}],"replies":[{"embeddable":true,"href":"http:\/\/www.adeomrocha.com.uy\/index.php?rest_route=%2Fwp%2Fv2%2Fcomments&post=1898"}],"version-history":[{"count":1,"href":"http:\/\/www.adeomrocha.com.uy\/index.php?rest_route=\/wp\/v2\/posts\/1898\/revisions"}],"predecessor-version":[{"id":1901,"href":"http:\/\/www.adeomrocha.com.uy\/index.php?rest_route=\/wp\/v2\/posts\/1898\/revisions\/1901"}],"wp:featuredmedia":[{"embeddable":true,"href":"http:\/\/www.adeomrocha.com.uy\/index.php?rest_route=\/wp\/v2\/media\/1899"}],"wp:attachment":[{"href":"http:\/\/www.adeomrocha.com.uy\/index.php?rest_route=%2Fwp%2Fv2%2Fmedia&parent=1898"}],"wp:term":[{"taxonomy":"category","embeddable":true,"href":"http:\/\/www.adeomrocha.com.uy\/index.php?rest_route=%2Fwp%2Fv2%2Fcategories&post=1898"},{"taxonomy":"post_tag","embeddable":true,"href":"http:\/\/www.adeomrocha.com.uy\/index.php?rest_route=%2Fwp%2Fv2%2Ftags&post=1898"}],"curies":[{"name":"wp","href":"https:\/\/api.w.org\/{rel}","templated":true}]}}