{"id":1876,"date":"2022-05-05T23:56:05","date_gmt":"2022-05-05T23:56:05","guid":{"rendered":"http:\/\/www.adeomrocha.com.uy\/?p=1876"},"modified":"2022-05-05T23:56:05","modified_gmt":"2022-05-05T23:56:05","slug":"adeom-en-lucha","status":"publish","type":"post","link":"http:\/\/www.adeomrocha.com.uy\/?p=1876","title":{"rendered":"ADEOM EN LUCHA"},"content":{"rendered":"\n<p>ADEOM Rocha se moviliza reclamando al Ejecutivo continuar con la negociaci\u00f3n colectiva con la mirada puesta en la ampliaci\u00f3n presupuestal <\/p>\n\n\n\n<p>El propio presidente de la Asociaci\u00f3n de Empleados y Obreros Municipales de Rocha, entreg\u00f3 una nota dirigida al Intendente Dr. Alejo Umpi\u00e9rrez , en la que desde ADEOM Rocha solicitamos con car\u00e1cter urgente, reuni\u00f3n de bipartita, para conocer la visi\u00f3n del Ejecutivo en varios temas y el mecanismo de puesta en marcha de lo acordado en el convenio colectivo para as\u00ed iniciar formalmente la negociaci\u00f3n colectiva 2022.<\/p>\n\n\n\n<figure class=\"wp-block-image size-large\"><a href=\"http:\/\/www.adeomrocha.com.uy\/wp-content\/uploads\/2022\/05\/2.jpg\"><img loading=\"lazy\" decoding=\"async\" width=\"540\" height=\"960\" src=\"http:\/\/www.adeomrocha.com.uy\/wp-content\/uploads\/2022\/05\/2.jpg\" alt=\"\" class=\"wp-image-1878\" srcset=\"http:\/\/www.adeomrocha.com.uy\/wp-content\/uploads\/2022\/05\/2.jpg 540w, http:\/\/www.adeomrocha.com.uy\/wp-content\/uploads\/2022\/05\/2-169x300.jpg 169w\" sizes=\"auto, (max-width: 540px) 100vw, 540px\" \/><\/a><\/figure>\n\n\n\n<figure class=\"wp-block-image size-large\"><a href=\"http:\/\/www.adeomrocha.com.uy\/wp-content\/uploads\/2022\/05\/adeom-en-lucha-3.jpg\"><img loading=\"lazy\" decoding=\"async\" width=\"576\" height=\"1024\" src=\"http:\/\/www.adeomrocha.com.uy\/wp-content\/uploads\/2022\/05\/adeom-en-lucha-3-576x1024.jpg\" alt=\"\" class=\"wp-image-1879\" srcset=\"http:\/\/www.adeomrocha.com.uy\/wp-content\/uploads\/2022\/05\/adeom-en-lucha-3-576x1024.jpg 576w, http:\/\/www.adeomrocha.com.uy\/wp-content\/uploads\/2022\/05\/adeom-en-lucha-3-169x300.jpg 169w, http:\/\/www.adeomrocha.com.uy\/wp-content\/uploads\/2022\/05\/adeom-en-lucha-3-768x1365.jpg 768w, http:\/\/www.adeomrocha.com.uy\/wp-content\/uploads\/2022\/05\/adeom-en-lucha-3-864x1536.jpg 864w, http:\/\/www.adeomrocha.com.uy\/wp-content\/uploads\/2022\/05\/adeom-en-lucha-3.jpg 900w\" sizes=\"auto, (max-width: 576px) 100vw, 576px\" \/><\/a><\/figure>\n","protected":false},"excerpt":{"rendered":"<p>ADEOM Rocha se moviliza reclamando al Ejecutivo continuar con la negociaci\u00f3n colectiva con la mirada puesta en la ampliaci\u00f3n presupuestal El propio presidente de la Asociaci\u00f3n de Empleados y Obreros Municipales de Rocha, entreg\u00f3 una nota dirigida al Intendente Dr. Alejo Umpi\u00e9rrez , en la que desde ADEOM Rocha solicitamos con car\u00e1cter urgente, reuni\u00f3n de [&hellip;]<\/p>\n","protected":false},"author":1,"featured_media":1877,"comment_status":"open","ping_status":"open","sticky":false,"template":"","format":"standard","meta":{"footnotes":""},"categories":[2],"tags":[],"class_list":["post-1876","post","type-post","status-publish","format-standard","has-post-thumbnail","hentry","category-informacion-general"],"_links":{"self":[{"href":"http:\/\/www.adeomrocha.com.uy\/index.php?rest_route=\/wp\/v2\/posts\/1876","targetHints":{"allow":["GET"]}}],"collection":[{"href":"http:\/\/www.adeomrocha.com.uy\/index.php?rest_route=\/wp\/v2\/posts"}],"about":[{"href":"http:\/\/www.adeomrocha.com.uy\/index.php?rest_route=\/wp\/v2\/types\/post"}],"author":[{"embeddable":true,"href":"http:\/\/www.adeomrocha.com.uy\/index.php?rest_route=\/wp\/v2\/users\/1"}],"replies":[{"embeddable":true,"href":"http:\/\/www.adeomrocha.com.uy\/index.php?rest_route=%2Fwp%2Fv2%2Fcomments&post=1876"}],"version-history":[{"count":1,"href":"http:\/\/www.adeomrocha.com.uy\/index.php?rest_route=\/wp\/v2\/posts\/1876\/revisions"}],"predecessor-version":[{"id":1880,"href":"http:\/\/www.adeomrocha.com.uy\/index.php?rest_route=\/wp\/v2\/posts\/1876\/revisions\/1880"}],"wp:featuredmedia":[{"embeddable":true,"href":"http:\/\/www.adeomrocha.com.uy\/index.php?rest_route=\/wp\/v2\/media\/1877"}],"wp:attachment":[{"href":"http:\/\/www.adeomrocha.com.uy\/index.php?rest_route=%2Fwp%2Fv2%2Fmedia&parent=1876"}],"wp:term":[{"taxonomy":"category","embeddable":true,"href":"http:\/\/www.adeomrocha.com.uy\/index.php?rest_route=%2Fwp%2Fv2%2Fcategories&post=1876"},{"taxonomy":"post_tag","embeddable":true,"href":"http:\/\/www.adeomrocha.com.uy\/index.php?rest_route=%2Fwp%2Fv2%2Ftags&post=1876"}],"curies":[{"name":"wp","href":"https:\/\/api.w.org\/{rel}","templated":true}]}}