{"id":1868,"date":"2022-04-28T13:40:32","date_gmt":"2022-04-28T13:40:32","guid":{"rendered":"http:\/\/www.adeomrocha.com.uy\/?p=1868"},"modified":"2022-04-28T13:40:32","modified_gmt":"2022-04-28T13:40:32","slug":"dia-mundial-de-la-seguridad-y-la-salud-en-el-trabajo","status":"publish","type":"post","link":"http:\/\/www.adeomrocha.com.uy\/?p=1868","title":{"rendered":"D\u00eda Mundial de la Seguridad y la Salud en el Trabajo"},"content":{"rendered":"\n<p>Este 28 de abril se celebra en todo el mundo el D\u00eda de la Seguridad y la Salud en el Trabajo, proclamado por la Organizaci\u00f3n Internacional del Trabajo (OIT). La celebraci\u00f3n se realiza con el fin de promover el trabajo seguro y saludable .<\/p>\n\n\n\n<p><\/p>\n\n\n\n<figure class=\"wp-block-image size-large\"><a href=\"http:\/\/www.adeomrocha.com.uy\/wp-content\/uploads\/2022\/04\/5b9d79c7-3286-43a2-993a-dbbc4ff5bf15-1.jpg\"><img loading=\"lazy\" decoding=\"async\" width=\"723\" height=\"1024\" src=\"http:\/\/www.adeomrocha.com.uy\/wp-content\/uploads\/2022\/04\/5b9d79c7-3286-43a2-993a-dbbc4ff5bf15-1-723x1024.jpg\" alt=\"\" class=\"wp-image-1869\" srcset=\"http:\/\/www.adeomrocha.com.uy\/wp-content\/uploads\/2022\/04\/5b9d79c7-3286-43a2-993a-dbbc4ff5bf15-1-723x1024.jpg 723w, http:\/\/www.adeomrocha.com.uy\/wp-content\/uploads\/2022\/04\/5b9d79c7-3286-43a2-993a-dbbc4ff5bf15-1-212x300.jpg 212w, http:\/\/www.adeomrocha.com.uy\/wp-content\/uploads\/2022\/04\/5b9d79c7-3286-43a2-993a-dbbc4ff5bf15-1-768x1087.jpg 768w, http:\/\/www.adeomrocha.com.uy\/wp-content\/uploads\/2022\/04\/5b9d79c7-3286-43a2-993a-dbbc4ff5bf15-1-1085x1536.jpg 1085w, http:\/\/www.adeomrocha.com.uy\/wp-content\/uploads\/2022\/04\/5b9d79c7-3286-43a2-993a-dbbc4ff5bf15-1.jpg 1130w\" sizes=\"auto, (max-width: 723px) 100vw, 723px\" \/><\/a><\/figure>\n","protected":false},"excerpt":{"rendered":"<p>Este 28 de abril se celebra en todo el mundo el D\u00eda de la Seguridad y la Salud en el Trabajo, proclamado por la Organizaci\u00f3n Internacional del Trabajo (OIT). La celebraci\u00f3n se realiza con el fin de promover el trabajo seguro y saludable .<\/p>\n","protected":false},"author":1,"featured_media":1870,"comment_status":"open","ping_status":"open","sticky":false,"template":"","format":"standard","meta":{"footnotes":""},"categories":[1],"tags":[],"class_list":["post-1868","post","type-post","status-publish","format-standard","has-post-thumbnail","hentry","category-sin-categoria"],"_links":{"self":[{"href":"http:\/\/www.adeomrocha.com.uy\/index.php?rest_route=\/wp\/v2\/posts\/1868","targetHints":{"allow":["GET"]}}],"collection":[{"href":"http:\/\/www.adeomrocha.com.uy\/index.php?rest_route=\/wp\/v2\/posts"}],"about":[{"href":"http:\/\/www.adeomrocha.com.uy\/index.php?rest_route=\/wp\/v2\/types\/post"}],"author":[{"embeddable":true,"href":"http:\/\/www.adeomrocha.com.uy\/index.php?rest_route=\/wp\/v2\/users\/1"}],"replies":[{"embeddable":true,"href":"http:\/\/www.adeomrocha.com.uy\/index.php?rest_route=%2Fwp%2Fv2%2Fcomments&post=1868"}],"version-history":[{"count":1,"href":"http:\/\/www.adeomrocha.com.uy\/index.php?rest_route=\/wp\/v2\/posts\/1868\/revisions"}],"predecessor-version":[{"id":1871,"href":"http:\/\/www.adeomrocha.com.uy\/index.php?rest_route=\/wp\/v2\/posts\/1868\/revisions\/1871"}],"wp:featuredmedia":[{"embeddable":true,"href":"http:\/\/www.adeomrocha.com.uy\/index.php?rest_route=\/wp\/v2\/media\/1870"}],"wp:attachment":[{"href":"http:\/\/www.adeomrocha.com.uy\/index.php?rest_route=%2Fwp%2Fv2%2Fmedia&parent=1868"}],"wp:term":[{"taxonomy":"category","embeddable":true,"href":"http:\/\/www.adeomrocha.com.uy\/index.php?rest_route=%2Fwp%2Fv2%2Fcategories&post=1868"},{"taxonomy":"post_tag","embeddable":true,"href":"http:\/\/www.adeomrocha.com.uy\/index.php?rest_route=%2Fwp%2Fv2%2Ftags&post=1868"}],"curies":[{"name":"wp","href":"https:\/\/api.w.org\/{rel}","templated":true}]}}