{"id":1559,"date":"2021-05-14T19:39:46","date_gmt":"2021-05-14T19:39:46","guid":{"rendered":"http:\/\/www.adeomrocha.com.uy\/?p=1559"},"modified":"2021-05-14T19:39:46","modified_gmt":"2021-05-14T19:39:46","slug":"solicitamos-reunion-grave-y-urgente-con-el-intendente","status":"publish","type":"post","link":"http:\/\/www.adeomrocha.com.uy\/?p=1559","title":{"rendered":"SOLICITAMOS REUNI\u00d3N GRAVE Y URGENTE CON EL INTENDENTE"},"content":{"rendered":"\n<p>Desde ADEOM Rocha, se entiende que el avance que se di\u00f3 en las \u00faltimas horas en la bipartita, no colm\u00f3 las expectativas esperadas por la asociaci\u00f3n y solicitamos <strong>en car\u00e1cter grave y urgente<\/strong> una nueva instancia de di\u00e1logo a modo de resolver y definir los puntos, teniendo en cuenta que los plazos son acotados dada cuenta que antes de fin de mes el intendente debe remitir a la Junta Departamental el presupuesto quinquenal.<\/p>\n","protected":false},"excerpt":{"rendered":"<p>Desde ADEOM Rocha, se entiende que el avance que se di\u00f3 en las \u00faltimas horas en la bipartita, no colm\u00f3 las expectativas esperadas por la asociaci\u00f3n y solicitamos en car\u00e1cter grave y urgente una nueva instancia de di\u00e1logo a modo de resolver y definir los puntos, teniendo en cuenta que los plazos son acotados dada [&hellip;]<\/p>\n","protected":false},"author":1,"featured_media":1562,"comment_status":"open","ping_status":"open","sticky":false,"template":"","format":"standard","meta":{"footnotes":""},"categories":[2],"tags":[],"class_list":["post-1559","post","type-post","status-publish","format-standard","has-post-thumbnail","hentry","category-informacion-general"],"_links":{"self":[{"href":"http:\/\/www.adeomrocha.com.uy\/index.php?rest_route=\/wp\/v2\/posts\/1559","targetHints":{"allow":["GET"]}}],"collection":[{"href":"http:\/\/www.adeomrocha.com.uy\/index.php?rest_route=\/wp\/v2\/posts"}],"about":[{"href":"http:\/\/www.adeomrocha.com.uy\/index.php?rest_route=\/wp\/v2\/types\/post"}],"author":[{"embeddable":true,"href":"http:\/\/www.adeomrocha.com.uy\/index.php?rest_route=\/wp\/v2\/users\/1"}],"replies":[{"embeddable":true,"href":"http:\/\/www.adeomrocha.com.uy\/index.php?rest_route=%2Fwp%2Fv2%2Fcomments&post=1559"}],"version-history":[{"count":1,"href":"http:\/\/www.adeomrocha.com.uy\/index.php?rest_route=\/wp\/v2\/posts\/1559\/revisions"}],"predecessor-version":[{"id":1563,"href":"http:\/\/www.adeomrocha.com.uy\/index.php?rest_route=\/wp\/v2\/posts\/1559\/revisions\/1563"}],"wp:featuredmedia":[{"embeddable":true,"href":"http:\/\/www.adeomrocha.com.uy\/index.php?rest_route=\/wp\/v2\/media\/1562"}],"wp:attachment":[{"href":"http:\/\/www.adeomrocha.com.uy\/index.php?rest_route=%2Fwp%2Fv2%2Fmedia&parent=1559"}],"wp:term":[{"taxonomy":"category","embeddable":true,"href":"http:\/\/www.adeomrocha.com.uy\/index.php?rest_route=%2Fwp%2Fv2%2Fcategories&post=1559"},{"taxonomy":"post_tag","embeddable":true,"href":"http:\/\/www.adeomrocha.com.uy\/index.php?rest_route=%2Fwp%2Fv2%2Ftags&post=1559"}],"curies":[{"name":"wp","href":"https:\/\/api.w.org\/{rel}","templated":true}]}}