{"id":1529,"date":"2021-05-11T19:03:53","date_gmt":"2021-05-11T19:03:53","guid":{"rendered":"http:\/\/www.adeomrocha.com.uy\/?p=1529"},"modified":"2021-05-11T19:03:53","modified_gmt":"2021-05-11T19:03:53","slug":"se-realizo-nueva-reunion-de-bipartita","status":"publish","type":"post","link":"http:\/\/www.adeomrocha.com.uy\/?p=1529","title":{"rendered":"Se realiz\u00f3 nueva reuni\u00f3n de Bipartita"},"content":{"rendered":"\n<p>Luego de una movida llevada adelante, previo y durante el 1 de mayo \u00a0por trabajadores municipales organizados en reclamo de una \u00abUrgente Negociaci\u00f3n Colectiva\u00bb en las \u00faltimas horas se realiz\u00f3 una nueva reuni\u00f3n en Bipartita con el Ejecutivo que recibi\u00f3 una vez m\u00e1s nuestros  reclamos en pro- de concretar el pr\u00f3ximo convenio .<\/p>\n\n\n\n<p>El Ejecutivo conoce muy bien nuestra posici\u00f3n de cara al \u00a0plan quinquenal, nuestra plataforma que tiene cinco ejes tem\u00e1ticos definidos e informados \u00a0a la familia municipal. Ellos son  alcanzar los dos salarios m\u00ednimos nacionales como salario m\u00ednimo municipal, Salud, seguridad laboral, carrera funcional y la situaci\u00f3n de aquellos compa\u00f1eros contratados.<\/p>\n\n\n\n<p><strong>ADEOM Rocha aspira que el ejecutivo participe en una negociaci\u00f3n colectiva por cooperaci\u00f3n y no por competencia<\/strong><\/p>\n\n\n\n<p><br><img decoding=\"async\" class=\"wp-image-1530\" style=\"width: NaNpx;\" src=\"http:\/\/www.adeomrocha.com.uy\/wp-content\/uploads\/2021\/05\/9af4e5b5-c7fd-4326-99b1-862b3ecabab7-convertido.pdf\" alt=\"\"><\/p>\n\n\n\n<figure class=\"wp-block-image size-large\"><a href=\"http:\/\/www.adeomrocha.com.uy\/wp-content\/uploads\/2021\/05\/9af4e5b5-c7fd-4326-99b1-862b3ecabab7.jpg\"><img loading=\"lazy\" decoding=\"async\" width=\"739\" height=\"1024\" src=\"http:\/\/www.adeomrocha.com.uy\/wp-content\/uploads\/2021\/05\/9af4e5b5-c7fd-4326-99b1-862b3ecabab7-739x1024.jpg\" alt=\"\" class=\"wp-image-1531\" srcset=\"http:\/\/www.adeomrocha.com.uy\/wp-content\/uploads\/2021\/05\/9af4e5b5-c7fd-4326-99b1-862b3ecabab7-739x1024.jpg 739w, http:\/\/www.adeomrocha.com.uy\/wp-content\/uploads\/2021\/05\/9af4e5b5-c7fd-4326-99b1-862b3ecabab7-216x300.jpg 216w, http:\/\/www.adeomrocha.com.uy\/wp-content\/uploads\/2021\/05\/9af4e5b5-c7fd-4326-99b1-862b3ecabab7-768x1065.jpg 768w, http:\/\/www.adeomrocha.com.uy\/wp-content\/uploads\/2021\/05\/9af4e5b5-c7fd-4326-99b1-862b3ecabab7-1108x1536.jpg 1108w, http:\/\/www.adeomrocha.com.uy\/wp-content\/uploads\/2021\/05\/9af4e5b5-c7fd-4326-99b1-862b3ecabab7.jpg 1154w\" sizes=\"auto, (max-width: 739px) 100vw, 739px\" \/><\/a><\/figure>\n\n\n\n<figure class=\"wp-block-image size-large\"><a href=\"http:\/\/www.adeomrocha.com.uy\/wp-content\/uploads\/2021\/05\/22.jpg\"><img loading=\"lazy\" decoding=\"async\" width=\"739\" height=\"1024\" src=\"http:\/\/www.adeomrocha.com.uy\/wp-content\/uploads\/2021\/05\/22-739x1024.jpg\" alt=\"\" class=\"wp-image-1533\" srcset=\"http:\/\/www.adeomrocha.com.uy\/wp-content\/uploads\/2021\/05\/22-739x1024.jpg 739w, http:\/\/www.adeomrocha.com.uy\/wp-content\/uploads\/2021\/05\/22-216x300.jpg 216w, http:\/\/www.adeomrocha.com.uy\/wp-content\/uploads\/2021\/05\/22-768x1065.jpg 768w, http:\/\/www.adeomrocha.com.uy\/wp-content\/uploads\/2021\/05\/22-1108x1536.jpg 1108w, http:\/\/www.adeomrocha.com.uy\/wp-content\/uploads\/2021\/05\/22.jpg 1154w\" sizes=\"auto, (max-width: 739px) 100vw, 739px\" \/><\/a><\/figure>\n\n\n\n<figure class=\"wp-block-image size-large\"><a href=\"http:\/\/www.adeomrocha.com.uy\/wp-content\/uploads\/2021\/05\/3.jpg\"><img loading=\"lazy\" decoding=\"async\" width=\"739\" height=\"1024\" src=\"http:\/\/www.adeomrocha.com.uy\/wp-content\/uploads\/2021\/05\/3-739x1024.jpg\" alt=\"\" class=\"wp-image-1534\" srcset=\"http:\/\/www.adeomrocha.com.uy\/wp-content\/uploads\/2021\/05\/3-739x1024.jpg 739w, http:\/\/www.adeomrocha.com.uy\/wp-content\/uploads\/2021\/05\/3-216x300.jpg 216w, http:\/\/www.adeomrocha.com.uy\/wp-content\/uploads\/2021\/05\/3-768x1065.jpg 768w, http:\/\/www.adeomrocha.com.uy\/wp-content\/uploads\/2021\/05\/3-1108x1536.jpg 1108w, http:\/\/www.adeomrocha.com.uy\/wp-content\/uploads\/2021\/05\/3.jpg 1154w\" sizes=\"auto, (max-width: 739px) 100vw, 739px\" \/><\/a><\/figure>\n\n\n\n<figure class=\"wp-block-image size-large\"><a href=\"http:\/\/www.adeomrocha.com.uy\/wp-content\/uploads\/2021\/05\/4.jpg\"><img loading=\"lazy\" decoding=\"async\" width=\"1154\" height=\"1600\" src=\"http:\/\/www.adeomrocha.com.uy\/wp-content\/uploads\/2021\/05\/4-739x1024.jpg\" alt=\"\" class=\"wp-image-1535\" srcset=\"http:\/\/www.adeomrocha.com.uy\/wp-content\/uploads\/2021\/05\/4-739x1024.jpg 739w, http:\/\/www.adeomrocha.com.uy\/wp-content\/uploads\/2021\/05\/4-216x300.jpg 216w, http:\/\/www.adeomrocha.com.uy\/wp-content\/uploads\/2021\/05\/4-768x1065.jpg 768w, http:\/\/www.adeomrocha.com.uy\/wp-content\/uploads\/2021\/05\/4-1108x1536.jpg 1108w, http:\/\/www.adeomrocha.com.uy\/wp-content\/uploads\/2021\/05\/4.jpg 1154w\" sizes=\"auto, (max-width: 1154px) 100vw, 1154px\" \/><\/a><\/figure>\n","protected":false},"excerpt":{"rendered":"<p>Luego de una movida llevada adelante, previo y durante el 1 de mayo \u00a0por trabajadores municipales organizados en reclamo de una \u00abUrgente Negociaci\u00f3n Colectiva\u00bb en las \u00faltimas horas se realiz\u00f3 una nueva reuni\u00f3n en Bipartita con el Ejecutivo que recibi\u00f3 una vez m\u00e1s nuestros reclamos en pro- de concretar el pr\u00f3ximo convenio . El Ejecutivo [&hellip;]<\/p>\n","protected":false},"author":1,"featured_media":1531,"comment_status":"open","ping_status":"open","sticky":false,"template":"","format":"standard","meta":{"footnotes":""},"categories":[2],"tags":[],"class_list":["post-1529","post","type-post","status-publish","format-standard","has-post-thumbnail","hentry","category-informacion-general"],"_links":{"self":[{"href":"http:\/\/www.adeomrocha.com.uy\/index.php?rest_route=\/wp\/v2\/posts\/1529","targetHints":{"allow":["GET"]}}],"collection":[{"href":"http:\/\/www.adeomrocha.com.uy\/index.php?rest_route=\/wp\/v2\/posts"}],"about":[{"href":"http:\/\/www.adeomrocha.com.uy\/index.php?rest_route=\/wp\/v2\/types\/post"}],"author":[{"embeddable":true,"href":"http:\/\/www.adeomrocha.com.uy\/index.php?rest_route=\/wp\/v2\/users\/1"}],"replies":[{"embeddable":true,"href":"http:\/\/www.adeomrocha.com.uy\/index.php?rest_route=%2Fwp%2Fv2%2Fcomments&post=1529"}],"version-history":[{"count":1,"href":"http:\/\/www.adeomrocha.com.uy\/index.php?rest_route=\/wp\/v2\/posts\/1529\/revisions"}],"predecessor-version":[{"id":1536,"href":"http:\/\/www.adeomrocha.com.uy\/index.php?rest_route=\/wp\/v2\/posts\/1529\/revisions\/1536"}],"wp:featuredmedia":[{"embeddable":true,"href":"http:\/\/www.adeomrocha.com.uy\/index.php?rest_route=\/wp\/v2\/media\/1531"}],"wp:attachment":[{"href":"http:\/\/www.adeomrocha.com.uy\/index.php?rest_route=%2Fwp%2Fv2%2Fmedia&parent=1529"}],"wp:term":[{"taxonomy":"category","embeddable":true,"href":"http:\/\/www.adeomrocha.com.uy\/index.php?rest_route=%2Fwp%2Fv2%2Fcategories&post=1529"},{"taxonomy":"post_tag","embeddable":true,"href":"http:\/\/www.adeomrocha.com.uy\/index.php?rest_route=%2Fwp%2Fv2%2Ftags&post=1529"}],"curies":[{"name":"wp","href":"https:\/\/api.w.org\/{rel}","templated":true}]}}