{"id":1523,"date":"2021-05-09T15:51:27","date_gmt":"2021-05-09T15:51:27","guid":{"rendered":"http:\/\/www.adeomrocha.com.uy\/?p=1523"},"modified":"2021-05-09T15:51:27","modified_gmt":"2021-05-09T15:51:27","slug":"adeom-rocha-saluda-a-todas-las-madres-en-su-dia","status":"publish","type":"post","link":"http:\/\/www.adeomrocha.com.uy\/?p=1523","title":{"rendered":"ADEOM ROCHA SALUDA A TODAS LAS MADRES EN SU D\u00cdA"},"content":{"rendered":"\n<p>La directiva de la Asociaci\u00f3n de Empleados y Obreros Municipales de Rocha , y en representaci\u00f3n de sus bases, saluda a todas las madres de nuestras compa\u00f1eras y compa\u00f1eros en este especial d\u00eda, en medio de un distanciamiento social estricto debido a la pandemia.<br>Saludamos a nuestras compa\u00f1eras de trabajo que desarrollan el rol de madres. Ser mam\u00e1 no es tarea f\u00e1cil. Romper con los estereotipos arraigados en nuestra sociedad, conocer la distancia del lazo madre-hijo\/a y a\u00fan as\u00ed entregan todo de s\u00ed para desarrollar la maternidad de la mejor manera posible con responsabilidad y empat\u00eda.<br>Las reconocemos, agradecemos y env\u00edamos un afectuoso abrazo.<br>\u00a1FELIZ D\u00cdA DE LAS MADRES, LA LUCHA CONTIN\u00daA!<\/p>\n","protected":false},"excerpt":{"rendered":"<p>La directiva de la Asociaci\u00f3n de Empleados y Obreros Municipales de Rocha , y en representaci\u00f3n de sus bases, saluda a todas las madres de nuestras compa\u00f1eras y compa\u00f1eros en este especial d\u00eda, en medio de un distanciamiento social estricto debido a la pandemia.Saludamos a nuestras compa\u00f1eras de trabajo que desarrollan el rol de madres. [&hellip;]<\/p>\n","protected":false},"author":1,"featured_media":1524,"comment_status":"open","ping_status":"open","sticky":false,"template":"","format":"standard","meta":{"footnotes":""},"categories":[2],"tags":[],"class_list":["post-1523","post","type-post","status-publish","format-standard","has-post-thumbnail","hentry","category-informacion-general"],"_links":{"self":[{"href":"http:\/\/www.adeomrocha.com.uy\/index.php?rest_route=\/wp\/v2\/posts\/1523","targetHints":{"allow":["GET"]}}],"collection":[{"href":"http:\/\/www.adeomrocha.com.uy\/index.php?rest_route=\/wp\/v2\/posts"}],"about":[{"href":"http:\/\/www.adeomrocha.com.uy\/index.php?rest_route=\/wp\/v2\/types\/post"}],"author":[{"embeddable":true,"href":"http:\/\/www.adeomrocha.com.uy\/index.php?rest_route=\/wp\/v2\/users\/1"}],"replies":[{"embeddable":true,"href":"http:\/\/www.adeomrocha.com.uy\/index.php?rest_route=%2Fwp%2Fv2%2Fcomments&post=1523"}],"version-history":[{"count":1,"href":"http:\/\/www.adeomrocha.com.uy\/index.php?rest_route=\/wp\/v2\/posts\/1523\/revisions"}],"predecessor-version":[{"id":1525,"href":"http:\/\/www.adeomrocha.com.uy\/index.php?rest_route=\/wp\/v2\/posts\/1523\/revisions\/1525"}],"wp:featuredmedia":[{"embeddable":true,"href":"http:\/\/www.adeomrocha.com.uy\/index.php?rest_route=\/wp\/v2\/media\/1524"}],"wp:attachment":[{"href":"http:\/\/www.adeomrocha.com.uy\/index.php?rest_route=%2Fwp%2Fv2%2Fmedia&parent=1523"}],"wp:term":[{"taxonomy":"category","embeddable":true,"href":"http:\/\/www.adeomrocha.com.uy\/index.php?rest_route=%2Fwp%2Fv2%2Fcategories&post=1523"},{"taxonomy":"post_tag","embeddable":true,"href":"http:\/\/www.adeomrocha.com.uy\/index.php?rest_route=%2Fwp%2Fv2%2Ftags&post=1523"}],"curies":[{"name":"wp","href":"https:\/\/api.w.org\/{rel}","templated":true}]}}