{"id":1506,"date":"2021-05-01T03:30:54","date_gmt":"2021-05-01T03:30:54","guid":{"rendered":"http:\/\/www.adeomrocha.com.uy\/?p=1506"},"modified":"2021-05-01T03:32:12","modified_gmt":"2021-05-01T03:32:12","slug":"1-de-mayo-dia-internacional-de-los-trabajadores","status":"publish","type":"post","link":"http:\/\/www.adeomrocha.com.uy\/?p=1506","title":{"rendered":"1 DE MAYO D\u00cdA INTERNACIONAL DE LOS TRABAJADORES"},"content":{"rendered":"\n<p>1\u00b0 de mayo d\u00eda internacional del trabajador, Adeom Rocha hace llegar su saludo a todos trabajadores del departamento.<\/p>\n\n\n\n<p>D\u00eda de reflexi\u00f3n como trabajadores y como integrantes de una sociedad que encuentra incertidumbres por la situaci\u00f3n que se est\u00e1 viviendo.<\/p>\n\n\n\n<p>Como trabajadores y representantes de una entidad que nuclea tantas familias sentimos el compromiso de la lucha diaria para defender a todos los trabajadores municipales de Rocha.<\/p>\n\n\n\n<p>Buscamos desde nuestro lugar mejorar las condiciones de trabajo as\u00ed como defender los derechos adquiridos y luchar por los venideros,<\/p>\n\n\n\n<p>Logrando defender la dignidad de los compa\u00f1eros y nuestras familias, brind\u00e1ndole a la sociedad rochense el compromiso de dar los mejor de nuestra labor.<\/p>\n","protected":false},"excerpt":{"rendered":"<p>1\u00b0 de mayo d\u00eda internacional del trabajador, Adeom Rocha hace llegar su saludo a todos trabajadores del departamento. D\u00eda de reflexi\u00f3n como trabajadores y como integrantes de una sociedad que encuentra incertidumbres por la situaci\u00f3n que se est\u00e1 viviendo. Como trabajadores y representantes de una entidad que nuclea tantas familias sentimos el compromiso de la [&hellip;]<\/p>\n","protected":false},"author":1,"featured_media":1509,"comment_status":"open","ping_status":"open","sticky":false,"template":"","format":"standard","meta":{"footnotes":""},"categories":[2],"tags":[],"class_list":["post-1506","post","type-post","status-publish","format-standard","has-post-thumbnail","hentry","category-informacion-general"],"_links":{"self":[{"href":"http:\/\/www.adeomrocha.com.uy\/index.php?rest_route=\/wp\/v2\/posts\/1506","targetHints":{"allow":["GET"]}}],"collection":[{"href":"http:\/\/www.adeomrocha.com.uy\/index.php?rest_route=\/wp\/v2\/posts"}],"about":[{"href":"http:\/\/www.adeomrocha.com.uy\/index.php?rest_route=\/wp\/v2\/types\/post"}],"author":[{"embeddable":true,"href":"http:\/\/www.adeomrocha.com.uy\/index.php?rest_route=\/wp\/v2\/users\/1"}],"replies":[{"embeddable":true,"href":"http:\/\/www.adeomrocha.com.uy\/index.php?rest_route=%2Fwp%2Fv2%2Fcomments&post=1506"}],"version-history":[{"count":2,"href":"http:\/\/www.adeomrocha.com.uy\/index.php?rest_route=\/wp\/v2\/posts\/1506\/revisions"}],"predecessor-version":[{"id":1510,"href":"http:\/\/www.adeomrocha.com.uy\/index.php?rest_route=\/wp\/v2\/posts\/1506\/revisions\/1510"}],"wp:featuredmedia":[{"embeddable":true,"href":"http:\/\/www.adeomrocha.com.uy\/index.php?rest_route=\/wp\/v2\/media\/1509"}],"wp:attachment":[{"href":"http:\/\/www.adeomrocha.com.uy\/index.php?rest_route=%2Fwp%2Fv2%2Fmedia&parent=1506"}],"wp:term":[{"taxonomy":"category","embeddable":true,"href":"http:\/\/www.adeomrocha.com.uy\/index.php?rest_route=%2Fwp%2Fv2%2Fcategories&post=1506"},{"taxonomy":"post_tag","embeddable":true,"href":"http:\/\/www.adeomrocha.com.uy\/index.php?rest_route=%2Fwp%2Fv2%2Ftags&post=1506"}],"curies":[{"name":"wp","href":"https:\/\/api.w.org\/{rel}","templated":true}]}}