{"id":1476,"date":"2021-04-14T14:27:47","date_gmt":"2021-04-14T14:27:47","guid":{"rendered":"http:\/\/www.adeomrocha.com.uy\/?p=1476"},"modified":"2021-04-14T14:27:47","modified_gmt":"2021-04-14T14:27:47","slug":"ejecutivo-respondio-a-adeom-rocha","status":"publish","type":"post","link":"http:\/\/www.adeomrocha.com.uy\/?p=1476","title":{"rendered":"EJECUTIVO RESPONDI\u00d3 A ADEOM ROCHA"},"content":{"rendered":"\n<p>De acuerdo al acta de bipartita del 30 de diciembre 2020 el lunes 01 de marzo 14 Hs inici\u00f3 de manera formal la negociaci\u00f3n colectiva en pro- de concretar el pr\u00f3ximo convenio colectivo 2021-2025.<br><\/p>\n\n\n\n<p>Adeom Rocha present\u00f3 los puntos de inter\u00e9s a convenir a modo de avanzar en dicha negociaci\u00f3n colectiva.<br><\/p>\n\n\n\n<p>En las \u00faltimas horas el Ejecutivo remiti\u00f3 a la Asociaci\u00f3n de Obreros Municipales una nota con oficio 105\/2021 en la que da respuesta a las inquietudes formuladas por el Sindicato .<br><\/p>\n\n\n\n<p>Desde el Gobierno Departamental, se inform\u00f3 sobre la solicitud de fijar fecha para la pr\u00f3xima reuni\u00f3n de bipartita, entendiendo \u00aboportuno que en funci\u00f3n de las restricciones sanitarias dispuestas oportunamente, que la misma se concretar\u00e1 pr\u00f3ximamente y en la medida que la situaci\u00f3n sanitaria del pa\u00eds tienda a normalizarse\u00bb.<br><\/p>\n\n\n\n<p>Adjuntamos nota remitida por el Ejecutivo<\/p>\n\n\n\n<figure class=\"wp-block-image size-large is-resized\"><a href=\"http:\/\/www.adeomrocha.com.uy\/wp-content\/uploads\/2021\/04\/adeom-dos-1.jpg\"><img loading=\"lazy\" decoding=\"async\" src=\"http:\/\/www.adeomrocha.com.uy\/wp-content\/uploads\/2021\/04\/adeom-dos-1-739x1024.jpg\" alt=\"\" class=\"wp-image-1480\" width=\"580\" height=\"803\" srcset=\"http:\/\/www.adeomrocha.com.uy\/wp-content\/uploads\/2021\/04\/adeom-dos-1-739x1024.jpg 739w, http:\/\/www.adeomrocha.com.uy\/wp-content\/uploads\/2021\/04\/adeom-dos-1-216x300.jpg 216w, http:\/\/www.adeomrocha.com.uy\/wp-content\/uploads\/2021\/04\/adeom-dos-1-768x1065.jpg 768w, http:\/\/www.adeomrocha.com.uy\/wp-content\/uploads\/2021\/04\/adeom-dos-1-1108x1536.jpg 1108w, http:\/\/www.adeomrocha.com.uy\/wp-content\/uploads\/2021\/04\/adeom-dos-1.jpg 1154w\" sizes=\"auto, (max-width: 580px) 100vw, 580px\" \/><\/a><\/figure>\n\n\n\n<figure class=\"wp-block-image size-large\"><a href=\"http:\/\/www.adeomrocha.com.uy\/wp-content\/uploads\/2021\/04\/adeom-tres.jpg\"><img loading=\"lazy\" decoding=\"async\" width=\"739\" height=\"1024\" src=\"http:\/\/www.adeomrocha.com.uy\/wp-content\/uploads\/2021\/04\/adeom-tres-739x1024.jpg\" alt=\"\" class=\"wp-image-1479\" srcset=\"http:\/\/www.adeomrocha.com.uy\/wp-content\/uploads\/2021\/04\/adeom-tres-739x1024.jpg 739w, http:\/\/www.adeomrocha.com.uy\/wp-content\/uploads\/2021\/04\/adeom-tres-216x300.jpg 216w, http:\/\/www.adeomrocha.com.uy\/wp-content\/uploads\/2021\/04\/adeom-tres-768x1065.jpg 768w, http:\/\/www.adeomrocha.com.uy\/wp-content\/uploads\/2021\/04\/adeom-tres-1108x1536.jpg 1108w, http:\/\/www.adeomrocha.com.uy\/wp-content\/uploads\/2021\/04\/adeom-tres.jpg 1154w\" sizes=\"auto, (max-width: 739px) 100vw, 739px\" \/><\/a><\/figure>\n\n\n\n<p>VISITA NUESTRA WEB http:\/\/www.adeomrocha.com.uy\/<br>B\u00c1JATE NUESTRA APP Y MANTENTE INFORMADO<br>https:\/\/play.google.com\/store\/apps\/details?id=com.locucionar.adeomrocha<br>S\u00daMATE A NUESTRO GRUPO DE NOTICIAS POR WHATSAPP ENV\u00cdA SOLICITUD CON TU NOMBRE AL 099810643 .<br>ADEOM ROCHA ,SOMOS FAMILIA<\/p>\n","protected":false},"excerpt":{"rendered":"<p>De acuerdo al acta de bipartita del 30 de diciembre 2020 el lunes 01 de marzo 14 Hs inici\u00f3 de manera formal la negociaci\u00f3n colectiva en pro- de concretar el pr\u00f3ximo convenio colectivo 2021-2025. Adeom Rocha present\u00f3 los puntos de inter\u00e9s a convenir a modo de avanzar en dicha negociaci\u00f3n colectiva. En las \u00faltimas horas [&hellip;]<\/p>\n","protected":false},"author":1,"featured_media":1477,"comment_status":"open","ping_status":"open","sticky":false,"template":"","format":"standard","meta":{"footnotes":""},"categories":[2],"tags":[],"class_list":["post-1476","post","type-post","status-publish","format-standard","has-post-thumbnail","hentry","category-informacion-general"],"_links":{"self":[{"href":"http:\/\/www.adeomrocha.com.uy\/index.php?rest_route=\/wp\/v2\/posts\/1476","targetHints":{"allow":["GET"]}}],"collection":[{"href":"http:\/\/www.adeomrocha.com.uy\/index.php?rest_route=\/wp\/v2\/posts"}],"about":[{"href":"http:\/\/www.adeomrocha.com.uy\/index.php?rest_route=\/wp\/v2\/types\/post"}],"author":[{"embeddable":true,"href":"http:\/\/www.adeomrocha.com.uy\/index.php?rest_route=\/wp\/v2\/users\/1"}],"replies":[{"embeddable":true,"href":"http:\/\/www.adeomrocha.com.uy\/index.php?rest_route=%2Fwp%2Fv2%2Fcomments&post=1476"}],"version-history":[{"count":1,"href":"http:\/\/www.adeomrocha.com.uy\/index.php?rest_route=\/wp\/v2\/posts\/1476\/revisions"}],"predecessor-version":[{"id":1481,"href":"http:\/\/www.adeomrocha.com.uy\/index.php?rest_route=\/wp\/v2\/posts\/1476\/revisions\/1481"}],"wp:featuredmedia":[{"embeddable":true,"href":"http:\/\/www.adeomrocha.com.uy\/index.php?rest_route=\/wp\/v2\/media\/1477"}],"wp:attachment":[{"href":"http:\/\/www.adeomrocha.com.uy\/index.php?rest_route=%2Fwp%2Fv2%2Fmedia&parent=1476"}],"wp:term":[{"taxonomy":"category","embeddable":true,"href":"http:\/\/www.adeomrocha.com.uy\/index.php?rest_route=%2Fwp%2Fv2%2Fcategories&post=1476"},{"taxonomy":"post_tag","embeddable":true,"href":"http:\/\/www.adeomrocha.com.uy\/index.php?rest_route=%2Fwp%2Fv2%2Ftags&post=1476"}],"curies":[{"name":"wp","href":"https:\/\/api.w.org\/{rel}","templated":true}]}}