{"id":1353,"date":"2021-02-04T18:03:22","date_gmt":"2021-02-04T18:03:22","guid":{"rendered":"http:\/\/www.adeomrocha.com.uy\/?p=1353"},"modified":"2021-02-04T18:03:22","modified_gmt":"2021-02-04T18:03:22","slug":"inscripciones-para-prueba-acredita-ciclo-basico-se-haran-desde-el-8-de-febrero","status":"publish","type":"post","link":"http:\/\/www.adeomrocha.com.uy\/?p=1353","title":{"rendered":"Inscripciones para prueba Acredita Ciclo B\u00e1sico se har\u00e1n desde el 8 de febrero"},"content":{"rendered":"\n<figure class=\"wp-block-image size-large\"><a href=\"http:\/\/www.adeomrocha.com.uy\/wp-content\/uploads\/2021\/02\/unnamed.png\"><img loading=\"lazy\" decoding=\"async\" width=\"512\" height=\"307\" src=\"http:\/\/www.adeomrocha.com.uy\/wp-content\/uploads\/2021\/02\/unnamed.png\" alt=\"\" class=\"wp-image-1354\" srcset=\"http:\/\/www.adeomrocha.com.uy\/wp-content\/uploads\/2021\/02\/unnamed.png 512w, http:\/\/www.adeomrocha.com.uy\/wp-content\/uploads\/2021\/02\/unnamed-300x180.png 300w\" sizes=\"auto, (max-width: 512px) 100vw, 512px\" \/><\/a><figcaption>Las personas interesadas en rendir la prueba Acredita Ciclo B\u00e1sico podr\u00e1n inscribirse a partir del lunes 8 de febrero y hasta el domingo 28 de febrero de 2021.<br>Podr\u00e1n presentarse todas las personas mayores de 21 a\u00f1os al momento de la inscripci\u00f3n que hayan culminado la Ense\u00f1anza Primaria, y consideren que cuentan con las habilidades y conocimientos necesarios para acreditar la Educaci\u00f3n Media B\u00e1sica.<br>Para la inscripci\u00f3n se requiere completar un formulario de inscripci\u00f3n con los datos personales que oficiar\u00e1 de declaraci\u00f3n jurada, y adjuntar un archivo con una constancia oficial escaneada o fotografiada que certifique haber culminado la Ense\u00f1anza Primaria, o si ha cursado en CETP-UTU o CES una constancia de haber comenzado a cursar la Ense\u00f1anza Media.<br>AcreditaCB es una prueba de acreditaci\u00f3n de Educaci\u00f3n Media B\u00e1sica que se realiza en l\u00ednea con el apoyo del Plan Ceibal. Propone actividades y situaciones a resolver aplicando conocimientos y habilidades basadas en el Marco Curricular de Referencia Nacional.<br>La prueba consta de tres partes: comprensi\u00f3n lectora, resoluci\u00f3n de problemas y escritura.<br>Si el interesado considera que a\u00fan no ha desarrollado las competencias necesarias para presentarse a la prueba AcreditaCB, ANEP brinda un abanico de opciones en su http:\/\/oferta educativa.<br>La inscripcion se\u00a0puede hacer a trav\u00e9s de https:\/\/acredita.anep.edu.uy\/<br>\u00bfD\u00f3nde se realiza la prueba AcreditaCB?<br>Se realizar\u00e1 en los centros de formaci\u00f3n docente (CFE) que cuenta la ANEP distribuidos en todos los departamentos del pa\u00eds.<br>\u00a0<br><strong>Instituci\u00f3n\u00a0\u00a0 \u00a0Departamento\u00a0\u00a0 \u00a0Localidad\u00a0\u00a0 \u00a0Direcci\u00f3n\u00a0\u00a0 \u00a0 \u00a0\u00a0<br>Ifd Rocha\u00a0\u00a0 \u00a0Rocha\u00a0\u00a0 \u00a0Rocha\u00a0\u00a0 \u00a025 de agosto 211\u00a0\u00a0<\/strong>\u00a0\u00a0\u00a0<br>\u00bfSe necesita estudiar previamente para realizar la prueba?<br>No es necesaria una preparaci\u00f3n previa para la prueba, porque se eval\u00faan los conocimientos y habilidades que ya posee la persona. Para su realizaci\u00f3n, se requiere un manejo b\u00e1sico de inform\u00e1tica ya que la prueba se aplica a trav\u00e9s de una computadora.<br>\u00bfTiene costo realizar esta prueba?<br>La prueba no tiene costo por parte de los participantes.<br>\u00bfD\u00f3nde se publican los resultados de la prueba AcreditaCB?<br>Una vez corregida la prueba, se publicar\u00e1n los resultados en este mismo sitio.<\/figcaption><\/figure>\n","protected":false},"excerpt":{"rendered":"","protected":false},"author":1,"featured_media":0,"comment_status":"open","ping_status":"open","sticky":false,"template":"","format":"standard","meta":{"footnotes":""},"categories":[1],"tags":[],"class_list":["post-1353","post","type-post","status-publish","format-standard","hentry","category-sin-categoria"],"_links":{"self":[{"href":"http:\/\/www.adeomrocha.com.uy\/index.php?rest_route=\/wp\/v2\/posts\/1353","targetHints":{"allow":["GET"]}}],"collection":[{"href":"http:\/\/www.adeomrocha.com.uy\/index.php?rest_route=\/wp\/v2\/posts"}],"about":[{"href":"http:\/\/www.adeomrocha.com.uy\/index.php?rest_route=\/wp\/v2\/types\/post"}],"author":[{"embeddable":true,"href":"http:\/\/www.adeomrocha.com.uy\/index.php?rest_route=\/wp\/v2\/users\/1"}],"replies":[{"embeddable":true,"href":"http:\/\/www.adeomrocha.com.uy\/index.php?rest_route=%2Fwp%2Fv2%2Fcomments&post=1353"}],"version-history":[{"count":1,"href":"http:\/\/www.adeomrocha.com.uy\/index.php?rest_route=\/wp\/v2\/posts\/1353\/revisions"}],"predecessor-version":[{"id":1355,"href":"http:\/\/www.adeomrocha.com.uy\/index.php?rest_route=\/wp\/v2\/posts\/1353\/revisions\/1355"}],"wp:attachment":[{"href":"http:\/\/www.adeomrocha.com.uy\/index.php?rest_route=%2Fwp%2Fv2%2Fmedia&parent=1353"}],"wp:term":[{"taxonomy":"category","embeddable":true,"href":"http:\/\/www.adeomrocha.com.uy\/index.php?rest_route=%2Fwp%2Fv2%2Fcategories&post=1353"},{"taxonomy":"post_tag","embeddable":true,"href":"http:\/\/www.adeomrocha.com.uy\/index.php?rest_route=%2Fwp%2Fv2%2Ftags&post=1353"}],"curies":[{"name":"wp","href":"https:\/\/api.w.org\/{rel}","templated":true}]}}